{"id":9647,"date":"2022-05-24T00:00:37","date_gmt":"2022-05-24T02:00:37","guid":{"rendered":"https:\/\/ultimato.com.br\/sites\/devocional-diaria\/?p=9647"},"modified":"2022-05-20T09:47:32","modified_gmt":"2022-05-20T11:47:32","slug":"os-condenados-a-morte","status":"publish","type":"post","link":"https:\/\/ultimato.com.br\/sites\/devocional-diaria\/2022\/05\/24\/autor\/elben-cesar\/os-condenados-a-morte\/","title":{"rendered":"Os condenados \u00e0 morte"},"content":{"rendered":"<p>Dos c\u00e9us observou [o Senhor] a terra, para ouvir os gemidos dos\u00a0prisioneiros e libertar os condenados \u00e0 morte. (Sl 102.19,20)<\/p>\n<p>Os crentes devem se lembrar \u201cdos que est\u00e3o na pris\u00e3o, como se\u00a0aprisionados com eles\u201d (Hb 13.3). O exemplo vem de cima, do pr\u00f3prio\u00a0Deus: \u201cDo seu santu\u00e1rio nas alturas o Senhor olhou; dos c\u00e9us observou a\u00a0terra, para ouvir os gemidos dos prisioneiros e libertar os condenados \u00e0\u00a0morte\u201d (Sl 102.19,20).<\/p>\n<p>Em vez de enxergar os justos e ouvir os seus gemidos, o Senhor enxerga\u00a0os que est\u00e3o atr\u00e1s das grades e ouve os seus gemidos. Em vez de enxergar os\u00a0santos, o Senhor enxerga os que est\u00e3o no corredor da morte e os liberta\u00a0antes da descarga el\u00e9trica, antes de se abrir o al\u00e7ap\u00e3o da forca, antes de se\u00a0desprender a guilhotina. \u00c9 assim porque \u201cn\u00e3o s\u00e3o os que t\u00eam sa\u00fade que\u00a0precisam de m\u00e9dico, mas sim os doentes\u201d (Lc 5.31).<\/p>\n<p>Afinal, quem s\u00e3o os condenados \u00e0 morte que Deus pretende libertar? Os\u00a0ad\u00falteros e as ad\u00falteras (Lv 20.10)? Os que blasfemam o nome do Senhor\u00a0(Lv 24.16)? Os que matam o seu pr\u00f3ximo (Lv 24.21)? Os Barrab\u00e1s que\u00a0est\u00e3o por a\u00ed?<\/p>\n<p>A rigor, os condenados \u00e0 morte somos todos n\u00f3s, porque \u201ctodos pecaram\u201d\u00a0(Rm 3.23), porque \u201co sal\u00e1rio do pecado \u00e9 a morte\u201d (Rm 6.23) e porque\u00a0\u201co pecado, ap\u00f3s ter se consumado, gera a morte\u201d (Tg 1.15).<\/p>\n<p>Se essa not\u00edcia \u00e9 assustadora \u2014 e de fato \u00e9 \u2014, a boa not\u00edcia do salmista\u00a0ameniza a m\u00e1 not\u00edcia. O Senhor quer libertar \u201cos condenados \u00e0 morte\u201d.\u00a0Deus \u201ctanto amou o mundo que deu o seu Filho Unig\u00eanito, para que todo\u00a0o que nele crer n\u00e3o pere\u00e7a, mas tenha a vida eterna\u201d (Jo 3.16). Jesus liberta\u00a0os condenados \u00e0 morte da morte e lhes d\u00e1 vida eterna!<\/p>\n<p>&nbsp;<\/p>\n<p><strong>&gt;&gt; Retirado de\u00a0<a href=\"http:\/\/www.ultimato.com.br\/loja\/produtos\/refeicoes-diarias-com-o-sabor-dos-salmos\">Refei\u00e7\u00f5es Di\u00e1rias com o Sabor dos Salmos<\/a> [Elben C\u00e9sar]. Editora Ultimato.<\/strong><strong>\u00a0<\/strong><\/p>\n<p>Ou\u00e7a as nossas devocionais pelo <a href=\"https:\/\/open.spotify.com\/show\/7CG8DL9dgWZEgPzX3rnk51?si=1dbGejI2TQS16eamNjb2rA\">Spotify<\/a>!<\/p>\n","protected":false},"excerpt":{"rendered":"<p>Dos c\u00e9us observou [o Senhor] a terra, para ouvir os gemidos dos\u00a0prisioneiros e libertar os condenados \u00e0 morte. (Sl 102.19,20) Os crentes devem se lembrar \u201cdos que est\u00e3o na pris\u00e3o, como se\u00a0aprisionados com eles\u201d (Hb 13.3). O exemplo vem de cima, do pr\u00f3prio\u00a0Deus: \u201cDo seu santu\u00e1rio nas alturas o Senhor olhou; dos c\u00e9us observou a\u00a0terra, [&hellip;]<\/p>\n","protected":false},"author":21,"featured_media":164,"comment_status":"open","ping_status":"open","sticky":false,"template":"","format":"standard","meta":{"ngg_post_thumbnail":0,"footnotes":""},"categories":[5478],"tags":[],"class_list":["post-9647","post","type-post","status-publish","format-standard","has-post-thumbnail","hentry","category-elben-cesar"],"publishpress_future_action":{"enabled":false,"date":"2026-05-04 20:35:20","action":"change-status","newStatus":"draft","terms":[],"taxonomy":"category","extraData":[]},"publishpress_future_workflow_manual_trigger":{"enabledWorkflows":[]},"_links":{"self":[{"href":"https:\/\/ultimato.com.br\/sites\/devocional-diaria\/wp-json\/wp\/v2\/posts\/9647","targetHints":{"allow":["GET"]}}],"collection":[{"href":"https:\/\/ultimato.com.br\/sites\/devocional-diaria\/wp-json\/wp\/v2\/posts"}],"about":[{"href":"https:\/\/ultimato.com.br\/sites\/devocional-diaria\/wp-json\/wp\/v2\/types\/post"}],"author":[{"embeddable":true,"href":"https:\/\/ultimato.com.br\/sites\/devocional-diaria\/wp-json\/wp\/v2\/users\/21"}],"replies":[{"embeddable":true,"href":"https:\/\/ultimato.com.br\/sites\/devocional-diaria\/wp-json\/wp\/v2\/comments?post=9647"}],"version-history":[{"count":1,"href":"https:\/\/ultimato.com.br\/sites\/devocional-diaria\/wp-json\/wp\/v2\/posts\/9647\/revisions"}],"predecessor-version":[{"id":9648,"href":"https:\/\/ultimato.com.br\/sites\/devocional-diaria\/wp-json\/wp\/v2\/posts\/9647\/revisions\/9648"}],"wp:featuredmedia":[{"embeddable":true,"href":"https:\/\/ultimato.com.br\/sites\/devocional-diaria\/wp-json\/wp\/v2\/media\/164"}],"wp:attachment":[{"href":"https:\/\/ultimato.com.br\/sites\/devocional-diaria\/wp-json\/wp\/v2\/media?parent=9647"}],"wp:term":[{"taxonomy":"category","embeddable":true,"href":"https:\/\/ultimato.com.br\/sites\/devocional-diaria\/wp-json\/wp\/v2\/categories?post=9647"},{"taxonomy":"post_tag","embeddable":true,"href":"https:\/\/ultimato.com.br\/sites\/devocional-diaria\/wp-json\/wp\/v2\/tags?post=9647"}],"curies":[{"name":"wp","href":"https:\/\/api.w.org\/{rel}","templated":true}]}}