{"id":9638,"date":"2022-05-14T00:00:41","date_gmt":"2022-05-14T02:00:41","guid":{"rendered":"https:\/\/ultimato.com.br\/sites\/devocional-diaria\/?p=9638"},"modified":"2022-05-13T11:29:08","modified_gmt":"2022-05-13T13:29:08","slug":"um-universo-aberto","status":"publish","type":"post","link":"https:\/\/ultimato.com.br\/sites\/devocional-diaria\/2022\/05\/14\/autor\/stanley-jones\/um-universo-aberto\/","title":{"rendered":"Um universo aberto"},"content":{"rendered":"<p>Marcos 11.23-24; 2 Tim\u00f3teo 1.12-14<\/p>\n<p>F\u00e9 n\u00e3o \u00e9 lutar\u00a0nem tentar, mas, sim, deixar acontecer e confiar. Algu\u00e9m sugere que o ditado frequentemente\u00a0repetido \u201cV\u00e1 e deixe para Deus\u201d deveria ser colocado desta forma:\u00a0\u201cV\u00e1, deixe para Deus e v\u00e1\u201d. O \u201cv\u00e1\u201d, no fim, \u00e9 a atitude mais correta. Pedro diz:\u00a0\u201cEmpenhem-se para acrescentar \u00e0 sua f\u00e9 a virtude\u201d (2Pe 1.5). Observe que \u201cf\u00e9\u201d\u00a0vem primeiro e \u201cvirtude\u201d, em seguida. Nosso evangelho n\u00e3o \u00e9 primariamente uma\u00a0virtude \u2013 uma ren\u00fancia da vontade. \u00c9, sobretudo, f\u00e9 \u2013 uma entrega da vontade\u00a0pessoal \u00e0 vontade de Deus. Unido aos recursos onipotentes, voc\u00ea agora pode\u00a0acrescentar a virtude, pois ela agora n\u00e3o \u00e9 uma afli\u00e7\u00e3o que traz ansiedade \u2013 uma\u00a0tentativa com as pr\u00f3prias for\u00e7as e capacidade \u2013, mas uma virtude relaxada e confiante\u00a0para obter recursos infinitos.<\/p>\n<p>Este \u00e9 um universo aberto, aberto \u00e0 f\u00e9. Por\u00e9m, h\u00e1 uma condi\u00e7\u00e3o leg\u00edtima nas\u00a0palavras de Jesus: \u201cE tudo o que pedirem em ora\u00e7\u00e3o, se crerem, voc\u00eas receber\u00e3o\u201d\u00a0(Mt 21.22). Ao dizer que tudo \u00e9 poss\u00edvel para os que creem, a condi\u00e7\u00e3o est\u00e1 no\u00a0fato de que voc\u00ea n\u00e3o pode ter f\u00e9 se n\u00e3o estiver comprometido com Deus; nesse\u00a0caso, voc\u00ea apenas pedir\u00e1 a coisa certa se tiver f\u00e9. Trata-se de algo que se corrige.<\/p>\n<p>Al\u00e9m disso, a f\u00e9 se desenvolve por si mesma. Jesus disse: \u201cRecupere a vis\u00e3o!\u00a0A sua f\u00e9 o curou\u201d (Lc 18.42). Suponha que ele tivesse dito: \u201cO meu poder o curou\u201d\u00a0\u2013 isso n\u00e3o deixaria incentivo algum na pessoa que foi curada, pois outro algu\u00e9m\u00a0havia feito tudo. Contudo, a afirma\u00e7\u00e3o \u2013 \u201ca sua f\u00e9 o curou\u201d \u2013 deixou o homem\u00a0com um senso de respeito pr\u00f3prio. Jesus desenvolve as pessoas \u00e0 medida que lhes\u00a0d\u00e1 algo. \u201cA f\u00e9 que vem por meio dele lhe deu esta sa\u00fade perfeita, como todos\u00a0podem ver\u201d (At 3.16). Ele inspirou a f\u00e9 e depois respondeu a ela. Jesus \u201cinspirou\u00a0f\u00e9\u201d em quem n\u00e3o tinha f\u00e9.<\/p>\n<p>Muitas vezes dizemos: \u201cVer \u00e9 crer\u201d, mas aqui, \u201ccrer \u00e9 ver\u201d, ver as coisas\u00a0acontecerem. Jesus disse: \u201cQue se fa\u00e7a com voc\u00eas conforme a f\u00e9 que voc\u00eas t\u00eam\u201d\u00a0(Mt 9.29, NAA). Estas duas palavras, <em>que <\/em>e <em>conforme, <\/em>s\u00e3o pequenas e, ao mesmo\u00a0tempo, as maiores palavras da vida: \u201cQue\u201d \u2013 f\u00e9; \u201cconforme\u201d \u2013 resultado.<\/p>\n<p><em>\u00d3 Deus, venho a ti com a pequenez de minha f\u00e9 \u2013 ela \u00e9 como um gr\u00e3o de mostarda.\u00a0Todavia, \u00e9 uma semente e nela est\u00e1 tudo, tudo o que quero ser e fazer. Rega-a com a tua\u00a0f\u00e9, e sei que ela brotar\u00e1 e ser\u00e1 adequada para qualquer coisa. Em nome de Jesus. Am\u00e9m.\u00a0<\/em><\/p>\n<p>Afirma\u00e7\u00e3o do dia: \u201cMas eu sempre terei esperan\u00e7a e te louvarei cada vez mais\u201d\u00a0(Sl 71.14).<strong>\u00a0<\/strong><\/p>\n<p><strong>\u00a0<\/strong><\/p>\n<p><strong>&gt;&gt; Retirado de\u00a0<a href=\"https:\/\/www.ultimato.com.br\/loja\/produtos\/o-caminho\">O Caminho<\/a> [Stanley Jones]. Editora Ultimato.<\/strong><\/p>\n","protected":false},"excerpt":{"rendered":"<p>Marcos 11.23-24; 2 Tim\u00f3teo 1.12-14 F\u00e9 n\u00e3o \u00e9 lutar\u00a0nem tentar, mas, sim, deixar acontecer e confiar. Algu\u00e9m sugere que o ditado frequentemente\u00a0repetido \u201cV\u00e1 e deixe para Deus\u201d deveria ser colocado desta forma:\u00a0\u201cV\u00e1, deixe para Deus e v\u00e1\u201d. O \u201cv\u00e1\u201d, no fim, \u00e9 a atitude mais correta. Pedro diz:\u00a0\u201cEmpenhem-se para acrescentar \u00e0 sua f\u00e9 a virtude\u201d [&hellip;]<\/p>\n","protected":false},"author":21,"featured_media":157,"comment_status":"open","ping_status":"open","sticky":false,"template":"","format":"standard","meta":{"ngg_post_thumbnail":0,"footnotes":""},"categories":[40852],"tags":[],"class_list":["post-9638","post","type-post","status-publish","format-standard","has-post-thumbnail","hentry","category-stanley-jones"],"publishpress_future_action":{"enabled":false,"date":"2026-05-04 23:17:27","action":"change-status","newStatus":"draft","terms":[],"taxonomy":"category","extraData":[]},"publishpress_future_workflow_manual_trigger":{"enabledWorkflows":[]},"_links":{"self":[{"href":"https:\/\/ultimato.com.br\/sites\/devocional-diaria\/wp-json\/wp\/v2\/posts\/9638","targetHints":{"allow":["GET"]}}],"collection":[{"href":"https:\/\/ultimato.com.br\/sites\/devocional-diaria\/wp-json\/wp\/v2\/posts"}],"about":[{"href":"https:\/\/ultimato.com.br\/sites\/devocional-diaria\/wp-json\/wp\/v2\/types\/post"}],"author":[{"embeddable":true,"href":"https:\/\/ultimato.com.br\/sites\/devocional-diaria\/wp-json\/wp\/v2\/users\/21"}],"replies":[{"embeddable":true,"href":"https:\/\/ultimato.com.br\/sites\/devocional-diaria\/wp-json\/wp\/v2\/comments?post=9638"}],"version-history":[{"count":1,"href":"https:\/\/ultimato.com.br\/sites\/devocional-diaria\/wp-json\/wp\/v2\/posts\/9638\/revisions"}],"predecessor-version":[{"id":9639,"href":"https:\/\/ultimato.com.br\/sites\/devocional-diaria\/wp-json\/wp\/v2\/posts\/9638\/revisions\/9639"}],"wp:featuredmedia":[{"embeddable":true,"href":"https:\/\/ultimato.com.br\/sites\/devocional-diaria\/wp-json\/wp\/v2\/media\/157"}],"wp:attachment":[{"href":"https:\/\/ultimato.com.br\/sites\/devocional-diaria\/wp-json\/wp\/v2\/media?parent=9638"}],"wp:term":[{"taxonomy":"category","embeddable":true,"href":"https:\/\/ultimato.com.br\/sites\/devocional-diaria\/wp-json\/wp\/v2\/categories?post=9638"},{"taxonomy":"post_tag","embeddable":true,"href":"https:\/\/ultimato.com.br\/sites\/devocional-diaria\/wp-json\/wp\/v2\/tags?post=9638"}],"curies":[{"name":"wp","href":"https:\/\/api.w.org\/{rel}","templated":true}]}}