{"id":9635,"date":"2022-05-20T00:00:23","date_gmt":"2022-05-20T02:00:23","guid":{"rendered":"https:\/\/ultimato.com.br\/sites\/devocional-diaria\/?p=9635"},"modified":"2022-05-09T17:45:35","modified_gmt":"2022-05-09T19:45:35","slug":"o-convite-de-deus-2","status":"publish","type":"post","link":"https:\/\/ultimato.com.br\/sites\/devocional-diaria\/2022\/05\/20\/autor\/j-i-packer\/o-convite-de-deus-2\/","title":{"rendered":"O convite de Deus\u00a0"},"content":{"rendered":"<p>Sabes quando me sento e quando me levanto; de longe percebes os meus pensamentos. (Salmos 139.2)<\/p>\n<p>Como todo rei, Deus n\u00e3o dirige sua palavra a n\u00f3s apenas para governar, mas tamb\u00e9m para convidar \u00e0 comunh\u00e3o. Embora Deus seja o Rei dos reis, ele n\u00e3o deseja viver distante de seus s\u00faditos. Muito pelo contr\u00e1rio, na verdade ele nos criou para que viv\u00eassemos juntos \u2013 n\u00f3s e ele \u2013 desfrutando para sempre um relacionamento de amor.<\/p>\n<p>Mas tal relacionamento s\u00f3 pode existir quando as duas partes se conhecem mutuamente. Deus, nosso Criador, conhece tudo sobre n\u00f3s antes que falemos qualquer coisa (Sl 139.1-4), mas n\u00e3o podemos conhecer nada a respeito dele, a menos que ele mesmo se revele a n\u00f3s. Esta \u00e9, ent\u00e3o, mais uma raz\u00e3o porque Deus fala conosco: n\u00e3o apenas para nos convencer a fazer o que ele deseja, mas tamb\u00e9m para permitir que n\u00f3s o conhe\u00e7amos e assim possamos am\u00e1-lo.<\/p>\n<p>Portanto, Deus nos envia sua palavra com dupla finalidade: informar e convidar. Ele deseja nos conquistar e tamb\u00e9m nos instruir. Sua Palavra n\u00e3o apenas nos inclui na obra que Deus fez e est\u00e1 fazendo, mas tamb\u00e9m nos convida a uma comunh\u00e3o pessoal com o pr\u00f3prio Deus de amor.<\/p>\n<p>Para refletir: Na presen\u00e7a deste Deus que o conhece, leia em voz alta os primeiros quatro vers\u00edculos do Salmo 139 e responda como Deus o tem dirigido.<strong>\u00a0<\/strong><\/p>\n<p><strong>\u00a0<\/strong><\/p>\n<p><strong>&gt;&gt; Retirado de\u00a0<\/strong><strong><a href=\"https:\/\/www.ultimato.com.br\/loja\/produtos\/conhecendo-a-deus-ao-longo-do-ano\">Conhecendo a Deus ao Longo do Ano<\/a><\/strong><strong> [J. I. Packer]<\/strong><strong>. Editora Ultimato.<\/strong><\/p>\n<p>Ou\u00e7a as nossas devocionais pelo <a href=\"https:\/\/open.spotify.com\/show\/7CG8DL9dgWZEgPzX3rnk51?si=1dbGejI2TQS16eamNjb2rA\">Spotify<\/a>!<\/p>\n","protected":false},"excerpt":{"rendered":"<p>Sabes quando me sento e quando me levanto; de longe percebes os meus pensamentos. (Salmos 139.2) Como todo rei, Deus n\u00e3o dirige sua palavra a n\u00f3s apenas para governar, mas tamb\u00e9m para convidar \u00e0 comunh\u00e3o. Embora Deus seja o Rei dos reis, ele n\u00e3o deseja viver distante de seus s\u00faditos. Muito pelo contr\u00e1rio, na verdade [&hellip;]<\/p>\n","protected":false},"author":21,"featured_media":161,"comment_status":"open","ping_status":"open","sticky":false,"template":"","format":"standard","meta":{"ngg_post_thumbnail":0,"footnotes":""},"categories":[5655],"tags":[],"class_list":["post-9635","post","type-post","status-publish","format-standard","has-post-thumbnail","hentry","category-j-i-packer"],"publishpress_future_action":{"enabled":false,"date":"2026-05-04 19:10:35","action":"change-status","newStatus":"draft","terms":[],"taxonomy":"category","extraData":[]},"publishpress_future_workflow_manual_trigger":{"enabledWorkflows":[]},"_links":{"self":[{"href":"https:\/\/ultimato.com.br\/sites\/devocional-diaria\/wp-json\/wp\/v2\/posts\/9635","targetHints":{"allow":["GET"]}}],"collection":[{"href":"https:\/\/ultimato.com.br\/sites\/devocional-diaria\/wp-json\/wp\/v2\/posts"}],"about":[{"href":"https:\/\/ultimato.com.br\/sites\/devocional-diaria\/wp-json\/wp\/v2\/types\/post"}],"author":[{"embeddable":true,"href":"https:\/\/ultimato.com.br\/sites\/devocional-diaria\/wp-json\/wp\/v2\/users\/21"}],"replies":[{"embeddable":true,"href":"https:\/\/ultimato.com.br\/sites\/devocional-diaria\/wp-json\/wp\/v2\/comments?post=9635"}],"version-history":[{"count":1,"href":"https:\/\/ultimato.com.br\/sites\/devocional-diaria\/wp-json\/wp\/v2\/posts\/9635\/revisions"}],"predecessor-version":[{"id":9636,"href":"https:\/\/ultimato.com.br\/sites\/devocional-diaria\/wp-json\/wp\/v2\/posts\/9635\/revisions\/9636"}],"wp:featuredmedia":[{"embeddable":true,"href":"https:\/\/ultimato.com.br\/sites\/devocional-diaria\/wp-json\/wp\/v2\/media\/161"}],"wp:attachment":[{"href":"https:\/\/ultimato.com.br\/sites\/devocional-diaria\/wp-json\/wp\/v2\/media?parent=9635"}],"wp:term":[{"taxonomy":"category","embeddable":true,"href":"https:\/\/ultimato.com.br\/sites\/devocional-diaria\/wp-json\/wp\/v2\/categories?post=9635"},{"taxonomy":"post_tag","embeddable":true,"href":"https:\/\/ultimato.com.br\/sites\/devocional-diaria\/wp-json\/wp\/v2\/tags?post=9635"}],"curies":[{"name":"wp","href":"https:\/\/api.w.org\/{rel}","templated":true}]}}