{"id":9629,"date":"2022-05-17T00:00:34","date_gmt":"2022-05-17T02:00:34","guid":{"rendered":"https:\/\/ultimato.com.br\/sites\/devocional-diaria\/?p=9629"},"modified":"2022-05-09T17:37:09","modified_gmt":"2022-05-09T19:37:09","slug":"visao-2","status":"publish","type":"post","link":"https:\/\/ultimato.com.br\/sites\/devocional-diaria\/2022\/05\/17\/erlo-saul-aurich\/visao-2\/","title":{"rendered":"Vis\u00e3o"},"content":{"rendered":"<p>Mas, como eu lhes disse, voc\u00eas me viram, mas ainda n\u00e3o creem. (Jo\u00e3o 6.36)<\/p>\n<p>O pr\u00f3prio Deus caminha em meio a sua humanidade e por ela n\u00e3o \u00e9\u00a0reconhecido! \u00c9 s\u00f3 mais um galileu, um nazareno com arroubos de grandeza.\u00a0O filho de Jos\u00e9 com crise de megalomania. Mais um desses falsos messias que\u00a0a toda hora aparece. E seguem-no cegos. N\u00e3o o veem. N\u00e3o creem nele. N\u00e3o\u00a0v\u00e3o a Jesus para terem vis\u00e3o de verdade, vida verdadeira. E Jesus segue seu\u00a0caminho. E multid\u00f5es ainda o seguem sem v\u00ea-lo.<\/p>\n<p>O que falta para vermos a Jesus? Em seu tempo terreno, Jesus foi visto,\u00a0tocado, ouvido, contudo pouco conhecido e aceito. Transitou entre os homens,\u00a0fez o bem, revelou o Pai, deu de beber e comer verdadeira bebida e comida,\u00a0mas poucos o amaram.<\/p>\n<p>E hoje? N\u00e3o acontece o mesmo? Ele segue entre n\u00f3s (e em n\u00f3s quando\u00a0cremos) e se permite ver e servir na infinidade de homens e mulheres criados\u00a0por ele, aos quais podemos estender a m\u00e3o e um copo de \u00e1gua a cada dia, a\u00a0toda hora (Mt 25.31-46). H\u00e1 tantos que nos cercam sem p\u00e3o, sa\u00fade, teto, um\u00a0abra\u00e7o sequer! O que temos feito? Jesus respira e transpira por meio de n\u00f3s\u00a0e de nossas atitudes, a\u00e7\u00f5es e rea\u00e7\u00f5es?<\/p>\n<p>Que nossos olhos se abram para que possamos ver e, enfim, crer. Voc\u00ea j\u00e1 cr\u00ea?<\/p>\n<p>Pai de amor e de toda boa vis\u00e3o, perdoa-me por te enxergar e n\u00e3o te ver, por\u00a0te escutar e n\u00e3o ouvir tua voz. Sou duro de cora\u00e7\u00e3o e tardio em discernir tua\u00a0presen\u00e7a. Permite-me ver, ouvir, sentir, tocar e servir como fizeste. Isso \u00e9 tudo\u00a0de que preciso hoje. Em nome de Jesus, am\u00e9m.<\/p>\n<p>&nbsp;<\/p>\n<p><strong>&gt;&gt; Retirado de\u00a0<a href=\"https:\/\/www.ultimato.com.br\/loja\/produtos\/refeicoes-diarias-celebrando-a-reconciliacao\">Refei\u00e7\u00f5es Di\u00e1rias \u2013 Celebrando a Reconcilia\u00e7\u00e3o<\/a>. Editora Ultimato.<\/strong><\/p>\n<p>Ou\u00e7a as nossas devocionais pelo <a href=\"https:\/\/open.spotify.com\/show\/7CG8DL9dgWZEgPzX3rnk51?si=1dbGejI2TQS16eamNjb2rA\">Spotify<\/a>!<\/p>\n","protected":false},"excerpt":{"rendered":"<p>Mas, como eu lhes disse, voc\u00eas me viram, mas ainda n\u00e3o creem. (Jo\u00e3o 6.36) O pr\u00f3prio Deus caminha em meio a sua humanidade e por ela n\u00e3o \u00e9\u00a0reconhecido! \u00c9 s\u00f3 mais um galileu, um nazareno com arroubos de grandeza.\u00a0O filho de Jos\u00e9 com crise de megalomania. Mais um desses falsos messias que\u00a0a toda hora aparece. [&hellip;]<\/p>\n","protected":false},"author":21,"featured_media":0,"comment_status":"open","ping_status":"open","sticky":false,"template":"","format":"standard","meta":{"ngg_post_thumbnail":0,"footnotes":""},"categories":[46049],"tags":[],"class_list":["post-9629","post","type-post","status-publish","format-standard","hentry","category-erlo-saul-aurich"],"publishpress_future_action":{"enabled":false,"date":"2026-05-04 20:49:49","action":"change-status","newStatus":"draft","terms":[],"taxonomy":"category","extraData":[]},"publishpress_future_workflow_manual_trigger":{"enabledWorkflows":[]},"_links":{"self":[{"href":"https:\/\/ultimato.com.br\/sites\/devocional-diaria\/wp-json\/wp\/v2\/posts\/9629","targetHints":{"allow":["GET"]}}],"collection":[{"href":"https:\/\/ultimato.com.br\/sites\/devocional-diaria\/wp-json\/wp\/v2\/posts"}],"about":[{"href":"https:\/\/ultimato.com.br\/sites\/devocional-diaria\/wp-json\/wp\/v2\/types\/post"}],"author":[{"embeddable":true,"href":"https:\/\/ultimato.com.br\/sites\/devocional-diaria\/wp-json\/wp\/v2\/users\/21"}],"replies":[{"embeddable":true,"href":"https:\/\/ultimato.com.br\/sites\/devocional-diaria\/wp-json\/wp\/v2\/comments?post=9629"}],"version-history":[{"count":1,"href":"https:\/\/ultimato.com.br\/sites\/devocional-diaria\/wp-json\/wp\/v2\/posts\/9629\/revisions"}],"predecessor-version":[{"id":9630,"href":"https:\/\/ultimato.com.br\/sites\/devocional-diaria\/wp-json\/wp\/v2\/posts\/9629\/revisions\/9630"}],"wp:attachment":[{"href":"https:\/\/ultimato.com.br\/sites\/devocional-diaria\/wp-json\/wp\/v2\/media?parent=9629"}],"wp:term":[{"taxonomy":"category","embeddable":true,"href":"https:\/\/ultimato.com.br\/sites\/devocional-diaria\/wp-json\/wp\/v2\/categories?post=9629"},{"taxonomy":"post_tag","embeddable":true,"href":"https:\/\/ultimato.com.br\/sites\/devocional-diaria\/wp-json\/wp\/v2\/tags?post=9629"}],"curies":[{"name":"wp","href":"https:\/\/api.w.org\/{rel}","templated":true}]}}