{"id":9623,"date":"2022-05-13T00:00:51","date_gmt":"2022-05-13T02:00:51","guid":{"rendered":"https:\/\/ultimato.com.br\/sites\/devocional-diaria\/?p=9623"},"modified":"2022-05-09T16:57:07","modified_gmt":"2022-05-09T18:57:07","slug":"jesus-e-sua-benevolencia","status":"publish","type":"post","link":"https:\/\/ultimato.com.br\/sites\/devocional-diaria\/2022\/05\/13\/autor\/elben-cesar\/jesus-e-sua-benevolencia\/","title":{"rendered":"Jesus e sua benevol\u00eancia"},"content":{"rendered":"<p>Voc\u00eas s\u00e3o como sepulcros caiados: bonitos por fora, mas por dentro est\u00e3o cheios de ossos e de todo tipo de imund\u00edcie. (Mateus 23.27, NVI)<\/p>\n<p>Como se sente a pessoa limpa obrigada a viver entre pessoas que n\u00e3o tomam banho nem trocam de roupa? Ou a pessoa educada obrigada a viver entre pessoas sem a menor educa\u00e7\u00e3o? Como se sente a pessoa de excelente forma\u00e7\u00e3o moral obrigada a viver entre pessoas de mau-car\u00e1ter? Ou a pessoa extremamente religiosa obrigada a viver entre pessoas c\u00e9ticas e blasfemas? Ou a pessoa cheia de do\u00e7ura obrigada a viver entre pessoas cheias de \u00f3dio e viol\u00eancia?<\/p>\n<p>Esse foi exatamente o caso de Jesus, quando ele se fez carne e ha\u00adbitou entre n\u00f3s.<\/p>\n<p>N\u00e3o devemos jamais pensar que os trinta e poucos anos que Jesus viveu aqui na terra foram f\u00e1ceis de suportar. Ele foi obrigado a convi\u00adver com pessoas desprovidas de qualquer virtude, de qualquer temor a Deus, de qualquer dom\u00ednio pr\u00f3prio, de qualquer vergonha na cara. Em certa ocasi\u00e3o, Jesus desabafou: \u201cGente m\u00e1 e sem f\u00e9! At\u00e9 quando ficarei com voc\u00eas? At\u00e9 quando terei de aguent\u00e1-los?\u201d (Mt 17.17, NTLH).<\/p>\n<p>\u2014 N\u00e3o consigo nem sequer imaginar tudo o que Jesus suportou quando esteve entre n\u00f3s.<\/p>\n<p><strong>\u00a0<\/strong><\/p>\n<p><strong>&gt;&gt; Retirado de\u00a0<a href=\"https:\/\/www.ultimato.com.br\/loja\/produtos\/refeicoes-diarias-com-jesus\">Refei\u00e7\u00f5es Di\u00e1rias com Jesus<\/a> [Elben C\u00e9sar]. Editora Ultimato.<\/strong><\/p>\n<p>Ou\u00e7a as nossas devocionais pelo <a href=\"https:\/\/open.spotify.com\/show\/7CG8DL9dgWZEgPzX3rnk51?si=1dbGejI2TQS16eamNjb2rA\">Spotify<\/a>!<\/p>\n","protected":false},"excerpt":{"rendered":"<p>Voc\u00eas s\u00e3o como sepulcros caiados: bonitos por fora, mas por dentro est\u00e3o cheios de ossos e de todo tipo de imund\u00edcie. (Mateus 23.27, NVI) Como se sente a pessoa limpa obrigada a viver entre pessoas que n\u00e3o tomam banho nem trocam de roupa? Ou a pessoa educada obrigada a viver entre pessoas sem a menor [&hellip;]<\/p>\n","protected":false},"author":21,"featured_media":161,"comment_status":"open","ping_status":"open","sticky":false,"template":"","format":"standard","meta":{"ngg_post_thumbnail":0,"footnotes":""},"categories":[5478],"tags":[],"class_list":["post-9623","post","type-post","status-publish","format-standard","has-post-thumbnail","hentry","category-elben-cesar"],"publishpress_future_action":{"enabled":false,"date":"2026-05-04 21:52:23","action":"change-status","newStatus":"draft","terms":[],"taxonomy":"category","extraData":[]},"publishpress_future_workflow_manual_trigger":{"enabledWorkflows":[]},"_links":{"self":[{"href":"https:\/\/ultimato.com.br\/sites\/devocional-diaria\/wp-json\/wp\/v2\/posts\/9623","targetHints":{"allow":["GET"]}}],"collection":[{"href":"https:\/\/ultimato.com.br\/sites\/devocional-diaria\/wp-json\/wp\/v2\/posts"}],"about":[{"href":"https:\/\/ultimato.com.br\/sites\/devocional-diaria\/wp-json\/wp\/v2\/types\/post"}],"author":[{"embeddable":true,"href":"https:\/\/ultimato.com.br\/sites\/devocional-diaria\/wp-json\/wp\/v2\/users\/21"}],"replies":[{"embeddable":true,"href":"https:\/\/ultimato.com.br\/sites\/devocional-diaria\/wp-json\/wp\/v2\/comments?post=9623"}],"version-history":[{"count":3,"href":"https:\/\/ultimato.com.br\/sites\/devocional-diaria\/wp-json\/wp\/v2\/posts\/9623\/revisions"}],"predecessor-version":[{"id":9626,"href":"https:\/\/ultimato.com.br\/sites\/devocional-diaria\/wp-json\/wp\/v2\/posts\/9623\/revisions\/9626"}],"wp:featuredmedia":[{"embeddable":true,"href":"https:\/\/ultimato.com.br\/sites\/devocional-diaria\/wp-json\/wp\/v2\/media\/161"}],"wp:attachment":[{"href":"https:\/\/ultimato.com.br\/sites\/devocional-diaria\/wp-json\/wp\/v2\/media?parent=9623"}],"wp:term":[{"taxonomy":"category","embeddable":true,"href":"https:\/\/ultimato.com.br\/sites\/devocional-diaria\/wp-json\/wp\/v2\/categories?post=9623"},{"taxonomy":"post_tag","embeddable":true,"href":"https:\/\/ultimato.com.br\/sites\/devocional-diaria\/wp-json\/wp\/v2\/tags?post=9623"}],"curies":[{"name":"wp","href":"https:\/\/api.w.org\/{rel}","templated":true}]}}