{"id":9621,"date":"2022-05-12T00:00:08","date_gmt":"2022-05-12T02:00:08","guid":{"rendered":"https:\/\/ultimato.com.br\/sites\/devocional-diaria\/?p=9621"},"modified":"2022-05-09T16:07:57","modified_gmt":"2022-05-09T18:07:57","slug":"herdeiros","status":"publish","type":"post","link":"https:\/\/ultimato.com.br\/sites\/devocional-diaria\/2022\/05\/12\/autor\/j-i-packer\/herdeiros\/","title":{"rendered":"Herdeiros"},"content":{"rendered":"<p>Se somos filhos [de Deus], ent\u00e3o somos herdeiros; herdeiros de Deus e co-herdeiros com Cristo. (Romanos 8.17)<\/p>\n<p>Quando voc\u00ea entende que Deus tomou voc\u00ea, um ofensor milagrosamente perdoado, e o fez filho dele em sua pr\u00f3pria fam\u00edlia, ent\u00e3o n\u00e3o h\u00e1 palavras para expressar o que Isaac Watts chamou de o \u201camor sem medida\u201d de Deus. Voc\u00ea dir\u00e1 como Charles Wesley:<\/p>\n<p><em>Oh, como eu poderia contar a bondade,\u00a0<\/em><\/p>\n<p><em>Pai, que tu tens demonstrado a mim?<\/em><\/p>\n<p><em>Que eu, um filho da ira e do inferno,\u00a0<\/em><\/p>\n<p><em>Eu pudesse ser chamado filho de Deus!<\/em><\/p>\n<p>Deus nos adota por amor espont\u00e2neo, n\u00e3o porque nosso car\u00e1ter e nossas a\u00e7\u00f5es apresentem algum m\u00e9rito para receber seu nome, mas apesar de mostrarem justamente o contr\u00e1rio. Nenhum de n\u00f3s \u00e9 habilitado a pleitear um lugar na fam\u00edlia de Deus. A ideia de amar e exaltar a n\u00f3s pecadores, da mesma forma como ele ama e exaltou o Senhor Jesus, soa absurdo e extravagante, mas \u00e9 exatamente isto \u2013 e nada menos que isto \u2013 que a nossa ado\u00e7\u00e3o como filhos de Deus significa.<\/p>\n<p>Para escrever: Escreva algumas de suas ideias sobre o que significa ser um co-herdeiro de Cristo.<strong>\u00a0<\/strong><\/p>\n<p><strong>\u00a0<\/strong><\/p>\n<p><strong>&gt;&gt; Retirado de\u00a0<\/strong><strong><a href=\"https:\/\/www.ultimato.com.br\/loja\/produtos\/conhecendo-a-deus-ao-longo-do-ano\">Conhecendo a Deus ao Longo do Ano<\/a><\/strong><strong> [J. I. Packer]<\/strong><strong>. Editora Ultimato.<\/strong><\/p>\n<p>Ou\u00e7a as nossas devocionais pelo <a href=\"https:\/\/open.spotify.com\/show\/7CG8DL9dgWZEgPzX3rnk51?si=1dbGejI2TQS16eamNjb2rA\">Spotify<\/a>!<\/p>\n","protected":false},"excerpt":{"rendered":"<p>Se somos filhos [de Deus], ent\u00e3o somos herdeiros; herdeiros de Deus e co-herdeiros com Cristo. (Romanos 8.17) Quando voc\u00ea entende que Deus tomou voc\u00ea, um ofensor milagrosamente perdoado, e o fez filho dele em sua pr\u00f3pria fam\u00edlia, ent\u00e3o n\u00e3o h\u00e1 palavras para expressar o que Isaac Watts chamou de o \u201camor sem medida\u201d de Deus. [&hellip;]<\/p>\n","protected":false},"author":21,"featured_media":162,"comment_status":"open","ping_status":"open","sticky":false,"template":"","format":"standard","meta":{"ngg_post_thumbnail":0,"footnotes":""},"categories":[5655],"tags":[],"class_list":["post-9621","post","type-post","status-publish","format-standard","has-post-thumbnail","hentry","category-j-i-packer"],"publishpress_future_action":{"enabled":false,"date":"2026-05-04 20:36:41","action":"change-status","newStatus":"draft","terms":[],"taxonomy":"category","extraData":[]},"publishpress_future_workflow_manual_trigger":{"enabledWorkflows":[]},"_links":{"self":[{"href":"https:\/\/ultimato.com.br\/sites\/devocional-diaria\/wp-json\/wp\/v2\/posts\/9621","targetHints":{"allow":["GET"]}}],"collection":[{"href":"https:\/\/ultimato.com.br\/sites\/devocional-diaria\/wp-json\/wp\/v2\/posts"}],"about":[{"href":"https:\/\/ultimato.com.br\/sites\/devocional-diaria\/wp-json\/wp\/v2\/types\/post"}],"author":[{"embeddable":true,"href":"https:\/\/ultimato.com.br\/sites\/devocional-diaria\/wp-json\/wp\/v2\/users\/21"}],"replies":[{"embeddable":true,"href":"https:\/\/ultimato.com.br\/sites\/devocional-diaria\/wp-json\/wp\/v2\/comments?post=9621"}],"version-history":[{"count":1,"href":"https:\/\/ultimato.com.br\/sites\/devocional-diaria\/wp-json\/wp\/v2\/posts\/9621\/revisions"}],"predecessor-version":[{"id":9622,"href":"https:\/\/ultimato.com.br\/sites\/devocional-diaria\/wp-json\/wp\/v2\/posts\/9621\/revisions\/9622"}],"wp:featuredmedia":[{"embeddable":true,"href":"https:\/\/ultimato.com.br\/sites\/devocional-diaria\/wp-json\/wp\/v2\/media\/162"}],"wp:attachment":[{"href":"https:\/\/ultimato.com.br\/sites\/devocional-diaria\/wp-json\/wp\/v2\/media?parent=9621"}],"wp:term":[{"taxonomy":"category","embeddable":true,"href":"https:\/\/ultimato.com.br\/sites\/devocional-diaria\/wp-json\/wp\/v2\/categories?post=9621"},{"taxonomy":"post_tag","embeddable":true,"href":"https:\/\/ultimato.com.br\/sites\/devocional-diaria\/wp-json\/wp\/v2\/tags?post=9621"}],"curies":[{"name":"wp","href":"https:\/\/api.w.org\/{rel}","templated":true}]}}