{"id":9602,"date":"2022-05-09T00:00:01","date_gmt":"2022-05-09T02:00:01","guid":{"rendered":"https:\/\/ultimato.com.br\/sites\/devocional-diaria\/?p=9602"},"modified":"2022-04-22T12:21:21","modified_gmt":"2022-04-22T14:21:21","slug":"perguntas-e-respostas-2","status":"publish","type":"post","link":"https:\/\/ultimato.com.br\/sites\/devocional-diaria\/2022\/05\/09\/autor\/elben-cesar\/perguntas-e-respostas-2\/","title":{"rendered":"Perguntas e respostas"},"content":{"rendered":"<p>Como pode o jovem manter pura a sua conduta? Vivendo de\u00a0acordo com a tua palavra. (Sl 119.9.)<\/p>\n<p>N\u00e3o h\u00e1 resposta quando n\u00e3o h\u00e1 pergunta. Sem perguntas e\u00a0sem respostas, continua-se na ignor\u00e2ncia, no vazio, na in\u00e9rcia.<\/p>\n<p>Nem sempre a pergunta precisa ser dirigida a outra pessoa. Muitas\u00a0perguntas devem ser dirigidas a si pr\u00f3prio. Entre elas, as perguntas mais\u00a0\u00edntimas, mais s\u00e9rias, mas solenes, mais complexas. Al\u00e9m de ser uma arte\u00a0poss\u00edvel de se aprender, esse mon\u00f3logo em forma de perguntas e respostas\u00a0\u00e9 uma medida profil\u00e1tica.<\/p>\n<p>Preocupado com a fraqueza humana, com a for\u00e7a do pecado, com as\u00a0paix\u00f5es da mocidade e com o itiner\u00e1rio moral da juventude, o salmista\u00a0elabora uma pergunta pr\u00e1tica: \u201cComo pode o jovem manter pura a sua\u00a0conduta?\u201d (Sl 119.9).<\/p>\n<p>O salmista apressa-se a responder \u00e0 sua pr\u00f3pria pergunta, embora a tenha\u00a0dirigido a Deus: \u201cVivendo de acordo com a tua palavra\u201d. Ele faz a\u00a0pergunta e oferece a resposta.<\/p>\n<p>As perguntas que dirigimos aos outros nos dispensam do trabalho de\u00a0raciocinar. Valemo-nos do racioc\u00ednio alheio, da sabedoria alheia, da experi\u00eancia\u00a0alheia. Mas vale a pena nos sujeitarmos ao racioc\u00ednio pr\u00f3prio. A obriga\u00e7\u00e3o\u00a0de pensar, refletir, avaliar, investigar, sempre \u00e0 luz da perspectiva\u00a0divina, traz grande proveito.<\/p>\n<p>N\u00e3o \u00e9 de causar estranheza a resposta do salmista \u00e0 sua pr\u00f3pria pergunta:\u00a0para manter pura a sua conduta, o jovem precisa agarrar-se ao que est\u00e1 escrito.\u00a0Ele n\u00e3o poderia dar outra resposta, n\u00e3o s\u00f3 porque n\u00e3o h\u00e1, mas tamb\u00e9m porque\u00a0o apego \u00e0s Sagradas Escrituras \u00e9 a sua grande \u00eanfase em todo o Salmo 119!<\/p>\n<p><strong>\u00a0<\/strong><\/p>\n<p><strong>&gt;&gt; Retirado de\u00a0<a href=\"http:\/\/www.ultimato.com.br\/loja\/produtos\/refeicoes-diarias-com-o-sabor-dos-salmos\">Refei\u00e7\u00f5es Di\u00e1rias com o Sabor dos Salmos<\/a> [Elben C\u00e9sar]. Editora Ultimato.<\/strong><strong>\u00a0<\/strong><\/p>\n<p>Ou\u00e7a as nossas devocionais pelo <a href=\"https:\/\/open.spotify.com\/show\/7CG8DL9dgWZEgPzX3rnk51?si=1dbGejI2TQS16eamNjb2rA\">Spotify<\/a>!<\/p>\n","protected":false},"excerpt":{"rendered":"<p>Como pode o jovem manter pura a sua conduta? Vivendo de\u00a0acordo com a tua palavra. (Sl 119.9.) N\u00e3o h\u00e1 resposta quando n\u00e3o h\u00e1 pergunta. Sem perguntas e\u00a0sem respostas, continua-se na ignor\u00e2ncia, no vazio, na in\u00e9rcia. Nem sempre a pergunta precisa ser dirigida a outra pessoa. Muitas\u00a0perguntas devem ser dirigidas a si pr\u00f3prio. Entre elas, as [&hellip;]<\/p>\n","protected":false},"author":21,"featured_media":165,"comment_status":"open","ping_status":"open","sticky":false,"template":"","format":"standard","meta":{"ngg_post_thumbnail":0,"footnotes":""},"categories":[5478],"tags":[],"class_list":["post-9602","post","type-post","status-publish","format-standard","has-post-thumbnail","hentry","category-elben-cesar"],"publishpress_future_action":{"enabled":false,"date":"2026-05-04 22:14:44","action":"change-status","newStatus":"draft","terms":[],"taxonomy":"category","extraData":[]},"publishpress_future_workflow_manual_trigger":{"enabledWorkflows":[]},"_links":{"self":[{"href":"https:\/\/ultimato.com.br\/sites\/devocional-diaria\/wp-json\/wp\/v2\/posts\/9602","targetHints":{"allow":["GET"]}}],"collection":[{"href":"https:\/\/ultimato.com.br\/sites\/devocional-diaria\/wp-json\/wp\/v2\/posts"}],"about":[{"href":"https:\/\/ultimato.com.br\/sites\/devocional-diaria\/wp-json\/wp\/v2\/types\/post"}],"author":[{"embeddable":true,"href":"https:\/\/ultimato.com.br\/sites\/devocional-diaria\/wp-json\/wp\/v2\/users\/21"}],"replies":[{"embeddable":true,"href":"https:\/\/ultimato.com.br\/sites\/devocional-diaria\/wp-json\/wp\/v2\/comments?post=9602"}],"version-history":[{"count":1,"href":"https:\/\/ultimato.com.br\/sites\/devocional-diaria\/wp-json\/wp\/v2\/posts\/9602\/revisions"}],"predecessor-version":[{"id":9603,"href":"https:\/\/ultimato.com.br\/sites\/devocional-diaria\/wp-json\/wp\/v2\/posts\/9602\/revisions\/9603"}],"wp:featuredmedia":[{"embeddable":true,"href":"https:\/\/ultimato.com.br\/sites\/devocional-diaria\/wp-json\/wp\/v2\/media\/165"}],"wp:attachment":[{"href":"https:\/\/ultimato.com.br\/sites\/devocional-diaria\/wp-json\/wp\/v2\/media?parent=9602"}],"wp:term":[{"taxonomy":"category","embeddable":true,"href":"https:\/\/ultimato.com.br\/sites\/devocional-diaria\/wp-json\/wp\/v2\/categories?post=9602"},{"taxonomy":"post_tag","embeddable":true,"href":"https:\/\/ultimato.com.br\/sites\/devocional-diaria\/wp-json\/wp\/v2\/tags?post=9602"}],"curies":[{"name":"wp","href":"https:\/\/api.w.org\/{rel}","templated":true}]}}