{"id":9600,"date":"2022-11-26T00:00:43","date_gmt":"2022-11-26T02:00:43","guid":{"rendered":"https:\/\/ultimato.com.br\/sites\/devocional-diaria\/?p=9600"},"modified":"2022-11-25T14:55:06","modified_gmt":"2022-11-25T16:55:06","slug":"praticando-a-esperanca","status":"publish","type":"post","link":"https:\/\/ultimato.com.br\/sites\/devocional-diaria\/2022\/11\/26\/autor\/j-i-packer\/praticando-a-esperanca\/","title":{"rendered":"Praticando a esperan\u00e7a"},"content":{"rendered":"<p>Que o pr\u00f3prio Senhor Jesus Cristo e Deus nosso Pai, que nos amou e nos deu eterna consola\u00e7\u00e3o e boa esperan\u00e7a pela gra\u00e7a, deem \u00e2nimo ao cora\u00e7\u00e3o de voc\u00eas e os fortale\u00e7am para fazerem sempre o bem, tanto em atos como em palavras. (2 Tessalonicenses 2.16-17)<\/p>\n<p>Para destruir a esperan\u00e7a como um h\u00e1bito de mente e cora\u00e7\u00e3o, Satan\u00e1s explora as nossas fraquezas de car\u00e1ter inerentes, bem como os defeitos de atitude e de comportamento adquiridos, provas de relacionamentos ruins e fracassados que tivemos no passado. Como alguns de n\u00f3s temos temperamento na\u00adturalmente melanc\u00f3lico, ficamos absortos em n\u00f3s mesmos e cheios de autopiedade. Sentir-se fracassado, abandonado e sempre esperar pelo pior \u00e9 natural em n\u00f3s \u2013 como o Bisonho na turma do Ursinho Pooh. O esgotamento emocional du\u00adrante longo tempo nos faz sentir, como um homem me disse certa vez, que nossa f\u00e9 \u00e9 t\u00e3o fr\u00e1gil quanto papel de seda. Ter esperan\u00e7a por alguma coisa simplesmente \u00e9 demais para n\u00f3s. Satan\u00e1s \u00e9 mestre em usar estas condi\u00e7\u00f5es e outras semelhantes para impedir que desenvolvamos a pr\u00e1tica da esperan\u00e7a. Mas o cerne da esperan\u00e7a crist\u00e3, desde agora e para sempre, \u00e9 a comunh\u00e3o amorosa que o pecador salvo tem com o Pai, o Filho e o Esp\u00edrito Santo.<\/p>\n<p>Para escrever: Escreva alguns passos que voc\u00ea pode adotar para \u201cpraticar a esperan\u00e7a\u201d. Olhe as \u00faltimas devocio\u00adnais, procure ideias e anote-as.<\/p>\n<p><strong>\u00a0<\/strong><\/p>\n<p><strong>&gt;&gt; Retirado de\u00a0<\/strong><strong><a href=\"https:\/\/www.ultimato.com.br\/loja\/produtos\/conhecendo-a-deus-ao-longo-do-ano\">Conhecendo a Deus ao Longo do Ano<\/a><\/strong><strong> [J. I. Packer]<\/strong><strong>. Editora Ultimato.<\/strong><\/p>\n<p>Ou\u00e7a as nossas devocionais pelo <a href=\"https:\/\/open.spotify.com\/show\/7CG8DL9dgWZEgPzX3rnk51?si=1dbGejI2TQS16eamNjb2rA\">Spotify<\/a>!<\/p>\n","protected":false},"excerpt":{"rendered":"<p>Que o pr\u00f3prio Senhor Jesus Cristo e Deus nosso Pai, que nos amou e nos deu eterna consola\u00e7\u00e3o e boa esperan\u00e7a pela gra\u00e7a, deem \u00e2nimo ao cora\u00e7\u00e3o de voc\u00eas e os fortale\u00e7am para fazerem sempre o bem, tanto em atos como em palavras. (2 Tessalonicenses 2.16-17) Para destruir a esperan\u00e7a como um h\u00e1bito de mente [&hellip;]<\/p>\n","protected":false},"author":21,"featured_media":157,"comment_status":"open","ping_status":"open","sticky":false,"template":"","format":"standard","meta":{"ngg_post_thumbnail":0,"footnotes":""},"categories":[5655],"tags":[],"class_list":["post-9600","post","type-post","status-publish","format-standard","has-post-thumbnail","hentry","category-j-i-packer"],"publishpress_future_action":{"enabled":false,"date":"2026-05-04 16:21:22","action":"change-status","newStatus":"draft","terms":[],"taxonomy":"category","extraData":[]},"publishpress_future_workflow_manual_trigger":{"enabledWorkflows":[]},"_links":{"self":[{"href":"https:\/\/ultimato.com.br\/sites\/devocional-diaria\/wp-json\/wp\/v2\/posts\/9600","targetHints":{"allow":["GET"]}}],"collection":[{"href":"https:\/\/ultimato.com.br\/sites\/devocional-diaria\/wp-json\/wp\/v2\/posts"}],"about":[{"href":"https:\/\/ultimato.com.br\/sites\/devocional-diaria\/wp-json\/wp\/v2\/types\/post"}],"author":[{"embeddable":true,"href":"https:\/\/ultimato.com.br\/sites\/devocional-diaria\/wp-json\/wp\/v2\/users\/21"}],"replies":[{"embeddable":true,"href":"https:\/\/ultimato.com.br\/sites\/devocional-diaria\/wp-json\/wp\/v2\/comments?post=9600"}],"version-history":[{"count":1,"href":"https:\/\/ultimato.com.br\/sites\/devocional-diaria\/wp-json\/wp\/v2\/posts\/9600\/revisions"}],"predecessor-version":[{"id":9601,"href":"https:\/\/ultimato.com.br\/sites\/devocional-diaria\/wp-json\/wp\/v2\/posts\/9600\/revisions\/9601"}],"wp:featuredmedia":[{"embeddable":true,"href":"https:\/\/ultimato.com.br\/sites\/devocional-diaria\/wp-json\/wp\/v2\/media\/157"}],"wp:attachment":[{"href":"https:\/\/ultimato.com.br\/sites\/devocional-diaria\/wp-json\/wp\/v2\/media?parent=9600"}],"wp:term":[{"taxonomy":"category","embeddable":true,"href":"https:\/\/ultimato.com.br\/sites\/devocional-diaria\/wp-json\/wp\/v2\/categories?post=9600"},{"taxonomy":"post_tag","embeddable":true,"href":"https:\/\/ultimato.com.br\/sites\/devocional-diaria\/wp-json\/wp\/v2\/tags?post=9600"}],"curies":[{"name":"wp","href":"https:\/\/api.w.org\/{rel}","templated":true}]}}