{"id":9596,"date":"2022-05-04T00:00:08","date_gmt":"2022-05-04T02:00:08","guid":{"rendered":"https:\/\/ultimato.com.br\/sites\/devocional-diaria\/?p=9596"},"modified":"2022-04-22T12:09:04","modified_gmt":"2022-04-22T14:09:04","slug":"igual-a-deus-2","status":"publish","type":"post","link":"https:\/\/ultimato.com.br\/sites\/devocional-diaria\/2022\/05\/04\/autor\/j-i-packer\/igual-a-deus-2\/","title":{"rendered":"Igual a Deus"},"content":{"rendered":"<p>Alguns judeus pararam o homem curado e disseram: \u201c\u00c9 s\u00e1bado. Voc\u00ea n\u00e3o pode carregar sua maca por a\u00ed. \u00c9 contra a Lei!\u201d. Ele respondeu: \u201cO homem que me curou me mandou fazer isso. Ele disse: \u2018Pegue sua maca e comece a andar\u2019\u201d. Eles perguntaram: \u201cQuem deu essa ordem?\u201d. Mas o homem n\u00e3o sabia, e Jesus havia sumido por entre a multid\u00e3o. Mais tarde, Jesus encontrou o homem no templo e comentou: \u201cVoc\u00ea est\u00e1 com \u00f3tima apar\u00eancia! Est\u00e1 muito bem! Mas n\u00e3o volte para a velha vida de pecado, ou algo pior poder\u00e1 acontecer\u201d. O homem, ent\u00e3o, foi contar aos judeus que a pessoa que o havia curado era Jesus. Por isso, os judeus passaram a perseguir Jesus por ele ter curado no s\u00e1bado. Jesus defendeu-se: \u201cMeu Pai trabalha o tempo todo, mesmo no s\u00e1bado, e eu tamb\u00e9m\u201d. A resposta irritou os judeus, que agora queriam n\u00e3o apenas denunci\u00e1-lo: queriam mat\u00e1-lo. Ele n\u00e3o estava quebrando apenas o s\u00e1bado, mas estava dizendo que Deus era seu Pai, pondo-se no n\u00edvel do pr\u00f3prio Deus. Jo\u00e3o (5.10-18)<\/p>\n<p>Longe de interpretarem mal a Jesus, seus perseguidores\u00a0entendiam exatamente o que estava em jogo: que Jesus, ao\u00a0curar no s\u00e1bado e chamar Deus de Pai, era a pr\u00f3pria presen\u00e7a\u00a0de Deus entre eles. Contudo, eles preferiram manter\u00a0Deus \u00e0 dist\u00e2ncia.\u00a0At\u00e9 que ponto voc\u00ea quer Deus perto de voc\u00ea?<\/p>\n<p>Fa\u00e7o isso tamb\u00e9m, Senhor: reconhe\u00e7o-te, mas quero que\u00a0operes apenas dentro da estrutura que constru\u00ed; creio em\u00a0ti, mas fico pouco \u00e0 vontade quando te envolves em meus\u00a0assuntos. Perdoa-me. Am\u00e9m.<strong>\u00a0<\/strong><\/p>\n<p><strong>\u00a0<\/strong><\/p>\n<p><strong>&gt;&gt; Retirado de\u00a0<\/strong><strong><a href=\"https:\/\/www.ultimato.com.br\/loja\/produtos\/conhecendo-a-deus-ao-longo-do-ano\">Conhecendo a Deus ao Longo do Ano<\/a><\/strong><strong> [J. I. Packer]<\/strong><strong>. Editora Ultimato.<\/strong><\/p>\n<p>Ou\u00e7a as nossas devocionais pelo <a href=\"https:\/\/open.spotify.com\/show\/7CG8DL9dgWZEgPzX3rnk51?si=1dbGejI2TQS16eamNjb2rA\">Spotify<\/a>!<\/p>\n","protected":false},"excerpt":{"rendered":"<p>Alguns judeus pararam o homem curado e disseram: \u201c\u00c9 s\u00e1bado. Voc\u00ea n\u00e3o pode carregar sua maca por a\u00ed. \u00c9 contra a Lei!\u201d. Ele respondeu: \u201cO homem que me curou me mandou fazer isso. Ele disse: \u2018Pegue sua maca e comece a andar\u2019\u201d. Eles perguntaram: \u201cQuem deu essa ordem?\u201d. Mas o homem n\u00e3o sabia, e Jesus [&hellip;]<\/p>\n","protected":false},"author":21,"featured_media":163,"comment_status":"open","ping_status":"open","sticky":false,"template":"","format":"standard","meta":{"ngg_post_thumbnail":0,"footnotes":""},"categories":[5655],"tags":[],"class_list":["post-9596","post","type-post","status-publish","format-standard","has-post-thumbnail","hentry","category-j-i-packer"],"publishpress_future_action":{"enabled":false,"date":"2026-05-07 14:29:05","action":"change-status","newStatus":"draft","terms":[],"taxonomy":"category","extraData":[]},"publishpress_future_workflow_manual_trigger":{"enabledWorkflows":[]},"_links":{"self":[{"href":"https:\/\/ultimato.com.br\/sites\/devocional-diaria\/wp-json\/wp\/v2\/posts\/9596","targetHints":{"allow":["GET"]}}],"collection":[{"href":"https:\/\/ultimato.com.br\/sites\/devocional-diaria\/wp-json\/wp\/v2\/posts"}],"about":[{"href":"https:\/\/ultimato.com.br\/sites\/devocional-diaria\/wp-json\/wp\/v2\/types\/post"}],"author":[{"embeddable":true,"href":"https:\/\/ultimato.com.br\/sites\/devocional-diaria\/wp-json\/wp\/v2\/users\/21"}],"replies":[{"embeddable":true,"href":"https:\/\/ultimato.com.br\/sites\/devocional-diaria\/wp-json\/wp\/v2\/comments?post=9596"}],"version-history":[{"count":1,"href":"https:\/\/ultimato.com.br\/sites\/devocional-diaria\/wp-json\/wp\/v2\/posts\/9596\/revisions"}],"predecessor-version":[{"id":9597,"href":"https:\/\/ultimato.com.br\/sites\/devocional-diaria\/wp-json\/wp\/v2\/posts\/9596\/revisions\/9597"}],"wp:featuredmedia":[{"embeddable":true,"href":"https:\/\/ultimato.com.br\/sites\/devocional-diaria\/wp-json\/wp\/v2\/media\/163"}],"wp:attachment":[{"href":"https:\/\/ultimato.com.br\/sites\/devocional-diaria\/wp-json\/wp\/v2\/media?parent=9596"}],"wp:term":[{"taxonomy":"category","embeddable":true,"href":"https:\/\/ultimato.com.br\/sites\/devocional-diaria\/wp-json\/wp\/v2\/categories?post=9596"},{"taxonomy":"post_tag","embeddable":true,"href":"https:\/\/ultimato.com.br\/sites\/devocional-diaria\/wp-json\/wp\/v2\/tags?post=9596"}],"curies":[{"name":"wp","href":"https:\/\/api.w.org\/{rel}","templated":true}]}}