{"id":9594,"date":"2022-05-03T00:00:31","date_gmt":"2022-05-03T02:00:31","guid":{"rendered":"https:\/\/ultimato.com.br\/sites\/devocional-diaria\/?p=9594"},"modified":"2022-04-22T12:05:17","modified_gmt":"2022-04-22T14:05:17","slug":"a-gloria-aqui","status":"publish","type":"post","link":"https:\/\/ultimato.com.br\/sites\/devocional-diaria\/2022\/05\/03\/autor\/j-i-packer\/a-gloria-aqui\/","title":{"rendered":"A gl\u00f3ria aqui\u00a0"},"content":{"rendered":"<p>Dei-lhes a gl\u00f3ria que me deste, para que eles sejam um, assim como n\u00f3s somos um. (Jo\u00e3o 17.22)<\/p>\n<p>A gl\u00f3ria de Deus s\u00f3 poder\u00e1 ser plenamente percebida no mundo vindouro, no contexto da transforma\u00e7\u00e3o de toda a ordem criada. Por\u00e9m, nesse meio-tempo, Deus trabalha continuamente para estabelecer a sua gl\u00f3ria. Os objetivos imediatos de Deus s\u00e3o atrair homens e mulheres para um relacionamento de f\u00e9, esperan\u00e7a e amor com ele mesmo; livr\u00e1-los do pecado e manifestar em suas vidas o poder da gra\u00e7a; proteger o seu povo contra as for\u00e7as do mal; e espalhar o evangelho por todo o mundo por meio daqueles a quem ele salvar. No cumprimento de cada etapa deste prop\u00f3sito, o Senhor Jesus Cristo \u00e9 o centro, porque Deus o estabeleceu tanto como Salvador dos pecadores, em quem devemos confiar, quanto como Senhor da igreja, a quem devemos obedecer. \u00c9 \u00e0 luz deste complexo prop\u00f3sito que devemos ver a sabedoria de Deus em seu trato com os indiv\u00edduos.<\/p>\n<p>Para escrever: O texto acima reconhece que os prop\u00f3\u00adsitos de Deus s\u00e3o \u201ccomplexos\u201d. Releia atentamente o par\u00e1\u00adgrafo, anotando todos os prop\u00f3sitos que encontrar. Escreva, da melhor forma poss\u00edvel, sobre o lugar que voc\u00ea atualmente ocupa nesses prop\u00f3sitos.<strong>\u00a0<\/strong><\/p>\n<p><strong>\u00a0<\/strong><\/p>\n<p><strong>&gt;&gt; Retirado de\u00a0<\/strong><strong><a href=\"https:\/\/www.ultimato.com.br\/loja\/produtos\/conhecendo-a-deus-ao-longo-do-ano\">Conhecendo a Deus ao Longo do Ano<\/a><\/strong><strong> [J. I. Packer]<\/strong><strong>. Editora Ultimato.<\/strong><\/p>\n<p>Ou\u00e7a as nossas devocionais pelo <a href=\"https:\/\/open.spotify.com\/show\/7CG8DL9dgWZEgPzX3rnk51?si=1dbGejI2TQS16eamNjb2rA\">Spotify<\/a>!<\/p>\n","protected":false},"excerpt":{"rendered":"<p>Dei-lhes a gl\u00f3ria que me deste, para que eles sejam um, assim como n\u00f3s somos um. (Jo\u00e3o 17.22) A gl\u00f3ria de Deus s\u00f3 poder\u00e1 ser plenamente percebida no mundo vindouro, no contexto da transforma\u00e7\u00e3o de toda a ordem criada. Por\u00e9m, nesse meio-tempo, Deus trabalha continuamente para estabelecer a sua gl\u00f3ria. Os objetivos imediatos de Deus [&hellip;]<\/p>\n","protected":false},"author":21,"featured_media":164,"comment_status":"open","ping_status":"open","sticky":false,"template":"","format":"standard","meta":{"ngg_post_thumbnail":0,"footnotes":""},"categories":[5655],"tags":[],"class_list":["post-9594","post","type-post","status-publish","format-standard","has-post-thumbnail","hentry","category-j-i-packer"],"publishpress_future_action":{"enabled":false,"date":"2026-05-07 13:19:19","action":"change-status","newStatus":"draft","terms":[],"taxonomy":"category","extraData":[]},"publishpress_future_workflow_manual_trigger":{"enabledWorkflows":[]},"_links":{"self":[{"href":"https:\/\/ultimato.com.br\/sites\/devocional-diaria\/wp-json\/wp\/v2\/posts\/9594","targetHints":{"allow":["GET"]}}],"collection":[{"href":"https:\/\/ultimato.com.br\/sites\/devocional-diaria\/wp-json\/wp\/v2\/posts"}],"about":[{"href":"https:\/\/ultimato.com.br\/sites\/devocional-diaria\/wp-json\/wp\/v2\/types\/post"}],"author":[{"embeddable":true,"href":"https:\/\/ultimato.com.br\/sites\/devocional-diaria\/wp-json\/wp\/v2\/users\/21"}],"replies":[{"embeddable":true,"href":"https:\/\/ultimato.com.br\/sites\/devocional-diaria\/wp-json\/wp\/v2\/comments?post=9594"}],"version-history":[{"count":1,"href":"https:\/\/ultimato.com.br\/sites\/devocional-diaria\/wp-json\/wp\/v2\/posts\/9594\/revisions"}],"predecessor-version":[{"id":9595,"href":"https:\/\/ultimato.com.br\/sites\/devocional-diaria\/wp-json\/wp\/v2\/posts\/9594\/revisions\/9595"}],"wp:featuredmedia":[{"embeddable":true,"href":"https:\/\/ultimato.com.br\/sites\/devocional-diaria\/wp-json\/wp\/v2\/media\/164"}],"wp:attachment":[{"href":"https:\/\/ultimato.com.br\/sites\/devocional-diaria\/wp-json\/wp\/v2\/media?parent=9594"}],"wp:term":[{"taxonomy":"category","embeddable":true,"href":"https:\/\/ultimato.com.br\/sites\/devocional-diaria\/wp-json\/wp\/v2\/categories?post=9594"},{"taxonomy":"post_tag","embeddable":true,"href":"https:\/\/ultimato.com.br\/sites\/devocional-diaria\/wp-json\/wp\/v2\/tags?post=9594"}],"curies":[{"name":"wp","href":"https:\/\/api.w.org\/{rel}","templated":true}]}}