{"id":9588,"date":"2022-04-29T00:00:18","date_gmt":"2022-04-29T02:00:18","guid":{"rendered":"https:\/\/ultimato.com.br\/sites\/devocional-diaria\/?p=9588"},"modified":"2022-04-20T10:50:15","modified_gmt":"2022-04-20T12:50:15","slug":"ouvir-e-ver","status":"publish","type":"post","link":"https:\/\/ultimato.com.br\/sites\/devocional-diaria\/2022\/04\/29\/autor\/elben-cesar\/ouvir-e-ver\/","title":{"rendered":"Ouvir e ver"},"content":{"rendered":"<p>Como j\u00e1 temos ouvido, agora tamb\u00e9m temos visto na cidade de\u00a0nosso Deus: Deus a preserva firme para sempre. (Sl 48.8)<\/p>\n<p>Em geral, queremos ver porque antes ouvimos. Da\u00ed as palavras\u00a0do salmista: \u201cComo j\u00e1 temos ouvido agora tamb\u00e9m temos visto&#8230;\u201d (Sl 48.8).\u00a0O ouvir desperta a curiosidade, desperta a vontade de ver.<\/p>\n<p>Assim aconteceu com a rainha de Sab\u00e1. Em seu pa\u00eds, ela ouviu falar dos\u00a0feitos e da gl\u00f3ria do rei de Israel. Isso a levou a Salom\u00e3o. Ent\u00e3o, depois de\u00a0ouvir, ela viu tamb\u00e9m. E a rainha confessou ao rei Salom\u00e3o: \u201cTudo o que\u00a0ouvi em meu pa\u00eds acerca das tuas realiza\u00e7\u00f5es e da tua sabedoria \u00e9 verdade.\u00a0Mas eu n\u00e3o acreditava no que diziam at\u00e9 ver com os meus pr\u00f3prios olhos.\u00a0Na verdade n\u00e3o me contaram nem a metade; tu ultrapassas em muito o que\u00a0ouvi, tanto em sabedoria como em riquezas.\u201d (1Rs 10.6-7)<\/p>\n<p>O ouvir abre as portas, come\u00e7a a operar poss\u00edveis mudan\u00e7as, mas \u00e9 o ver\u00a0que consolida e amplia as mudan\u00e7as. O ver sempre faz mais do que o ouvir.\u00a0Filipe fez propaganda de Jesus para Natanael, que n\u00e3o se mostrou muito\u00a0interessado. Ent\u00e3o Filipe lhe falou: \u201cVenha e veja\u201d. O indeciso Natanael foi\u00a0e viu, e ent\u00e3o se fez disc\u00edpulo do Senhor (Jo 1.43-51).<\/p>\n<p>A ressurrei\u00e7\u00e3o de Jesus se imp\u00f4s mais pelo ver do que pelo ouvir. Os\u00a0ap\u00f3stolos ouviram as mulheres falarem que o t\u00famulo estava sem a tampa e\u00a0vazio. Todavia s\u00f3 creram quando viram no sepulcro \u201cas faixas de linho e\u00a0mais nada\u201d (Lc 24.12). Um deles s\u00f3 creu quando viu as marcas dos pregos\u00a0nas m\u00e3os de Jesus (Jo 20.24-31).<\/p>\n<p>&nbsp;<\/p>\n<p><strong>&gt;&gt; Retirado de\u00a0<a href=\"http:\/\/www.ultimato.com.br\/loja\/produtos\/refeicoes-diarias-com-o-sabor-dos-salmos\">Refei\u00e7\u00f5es Di\u00e1rias com o Sabor dos Salmos<\/a> [Elben C\u00e9sar]. Editora Ultimato.<\/strong><strong>\u00a0<\/strong><\/p>\n<p>Ou\u00e7a as nossas devocionais pelo <a href=\"https:\/\/open.spotify.com\/show\/7CG8DL9dgWZEgPzX3rnk51?si=1dbGejI2TQS16eamNjb2rA\">Spotify<\/a>!<\/p>\n","protected":false},"excerpt":{"rendered":"<p>Como j\u00e1 temos ouvido, agora tamb\u00e9m temos visto na cidade de\u00a0nosso Deus: Deus a preserva firme para sempre. (Sl 48.8) Em geral, queremos ver porque antes ouvimos. Da\u00ed as palavras\u00a0do salmista: \u201cComo j\u00e1 temos ouvido agora tamb\u00e9m temos visto&#8230;\u201d (Sl 48.8).\u00a0O ouvir desperta a curiosidade, desperta a vontade de ver. Assim aconteceu com a rainha [&hellip;]<\/p>\n","protected":false},"author":21,"featured_media":161,"comment_status":"open","ping_status":"open","sticky":false,"template":"","format":"standard","meta":{"ngg_post_thumbnail":0,"footnotes":""},"categories":[5478],"tags":[],"class_list":["post-9588","post","type-post","status-publish","format-standard","has-post-thumbnail","hentry","category-elben-cesar"],"publishpress_future_action":{"enabled":false,"date":"2026-05-05 00:56:53","action":"change-status","newStatus":"draft","terms":[],"taxonomy":"category","extraData":[]},"publishpress_future_workflow_manual_trigger":{"enabledWorkflows":[]},"_links":{"self":[{"href":"https:\/\/ultimato.com.br\/sites\/devocional-diaria\/wp-json\/wp\/v2\/posts\/9588","targetHints":{"allow":["GET"]}}],"collection":[{"href":"https:\/\/ultimato.com.br\/sites\/devocional-diaria\/wp-json\/wp\/v2\/posts"}],"about":[{"href":"https:\/\/ultimato.com.br\/sites\/devocional-diaria\/wp-json\/wp\/v2\/types\/post"}],"author":[{"embeddable":true,"href":"https:\/\/ultimato.com.br\/sites\/devocional-diaria\/wp-json\/wp\/v2\/users\/21"}],"replies":[{"embeddable":true,"href":"https:\/\/ultimato.com.br\/sites\/devocional-diaria\/wp-json\/wp\/v2\/comments?post=9588"}],"version-history":[{"count":1,"href":"https:\/\/ultimato.com.br\/sites\/devocional-diaria\/wp-json\/wp\/v2\/posts\/9588\/revisions"}],"predecessor-version":[{"id":9589,"href":"https:\/\/ultimato.com.br\/sites\/devocional-diaria\/wp-json\/wp\/v2\/posts\/9588\/revisions\/9589"}],"wp:featuredmedia":[{"embeddable":true,"href":"https:\/\/ultimato.com.br\/sites\/devocional-diaria\/wp-json\/wp\/v2\/media\/161"}],"wp:attachment":[{"href":"https:\/\/ultimato.com.br\/sites\/devocional-diaria\/wp-json\/wp\/v2\/media?parent=9588"}],"wp:term":[{"taxonomy":"category","embeddable":true,"href":"https:\/\/ultimato.com.br\/sites\/devocional-diaria\/wp-json\/wp\/v2\/categories?post=9588"},{"taxonomy":"post_tag","embeddable":true,"href":"https:\/\/ultimato.com.br\/sites\/devocional-diaria\/wp-json\/wp\/v2\/tags?post=9588"}],"curies":[{"name":"wp","href":"https:\/\/api.w.org\/{rel}","templated":true}]}}