{"id":9586,"date":"2022-04-28T00:00:13","date_gmt":"2022-04-28T02:00:13","guid":{"rendered":"https:\/\/ultimato.com.br\/sites\/devocional-diaria\/?p=9586"},"modified":"2022-04-20T10:46:18","modified_gmt":"2022-04-20T12:46:18","slug":"coisas-praticas","status":"publish","type":"post","link":"https:\/\/ultimato.com.br\/sites\/devocional-diaria\/2022\/04\/28\/autor\/guilherme-kerr\/coisas-praticas\/","title":{"rendered":"Coisas pr\u00e1ticas"},"content":{"rendered":"<p>Ao chegarem a Jerusal\u00e9m todos subiram para um sal\u00e3o grande no segundo andar\u00a0da casa: Pedro, Jo\u00e3o, Tiago, Andr\u00e9, Filipe, Tom\u00e9, Bartolomeu, Mateus, Tiago (filho\u00a0de Alfeu), Sim\u00e3o Zelote, Judas, filho de Tiago e muitas mulheres, inclusive Maria,\u00a0a m\u00e3e de Jesus. Tamb\u00e9m estavam os outros irm\u00e3os de Jesus. Havia uma unidade\u00a0palp\u00e1vel entre eles ao orarem juntos, pois tomados de grande paix\u00e3o intercediam\u00a0noite e dia [\u2026] Eram mais de 120 pessoas reunidas ali. [Atos 1.13-15]<\/p>\n<p>Na pr\u00e1tica, o que significa a vida cheia do Esp\u00edrito Santo? Nesse pequeno\u00a0trecho do livro de Atos, significa pelo menos duas coisas: a primeira delas\u00a0\u00e9 que a vida cheia do Esp\u00edrito \u00e9 uma vida regada pela ora\u00e7\u00e3o e marinada\u00a0em ora\u00e7\u00e3o \u2013 n\u00e3o apenas em ora\u00e7\u00e3o pessoal e no nosso quarto com as portas\u00a0fechadas onde s\u00f3 quem nos v\u00ea \u00e9 o Senhor, mas ora\u00e7\u00e3o coletiva, que inclui\u00a0todos os presentes, os l\u00edderes, todas as mulheres; que inclui m\u00e3e, irm\u00e3os e\u00a0pessoas da nossa fam\u00edlia que abra\u00e7aram a f\u00e9. Voc\u00ea quer sentir-se mais perto\u00a0de algu\u00e9m? Re\u00fana-se em grupo para orarem juntos.<\/p>\n<p>Em segundo lugar, uma vida regada pela ora\u00e7\u00e3o e marinada em ora\u00e7\u00e3o n\u00e3o\u00a0\u00e9 uma vida \u201cde monge\u201d, imposs\u00edvel de ser vivida diante das realidades do dia a\u00a0dia. Pelo contr\u00e1rio, em meio \u00e0 ora\u00e7\u00e3o incessante \u201ca vida continua\u201d, com toda\u00a0a sua crueza e com todas as suas exig\u00eancias pr\u00e1ticas. E o mesmo cora\u00e7\u00e3o que\u00a0ora incessantemente decide e trabalha dedicadamente. A situa\u00e7\u00e3o pr\u00e1tica que\u00a0se coloca diante dos 120 disc\u00edpulos dedicados, reunidos no segundo andar \u00e9\u00a0simples \u2013 Judas traiu o Mestre.<\/p>\n<p>Enfim, outro precisava ser escolhido para tomar o lugar do traidor. Quem\u00a0vive incessantemente em intercess\u00e3o \u00e9 chamado \u00e0 a\u00e7\u00e3o e outro disc\u00edpulo \u00e9\u00a0escolhido. Quem ora, sabe escolher!<\/p>\n<p>Gra\u00e7as te dou, Senhor, pelas coisas pr\u00e1ticas da vida de disc\u00edpulo: ora\u00e7\u00e3o, paix\u00e3o,\u00a0intercess\u00e3o incessante. Obrigado pela oportunidade de lidar com situa\u00e7\u00f5es de\u00a0\u201ccarne e osso\u201d \u2013 trai\u00e7\u00f5es, m\u00e1s escolhas, novas escolhas, reconstru\u00e7\u00f5es. Que\u00a0grande privil\u00e9gio! Em nome de Jesus. Am\u00e9m.<strong>\u00a0<\/strong><\/p>\n<p><strong>\u00a0<\/strong><\/p>\n<p><strong>&gt;&gt; Retirado de\u00a0<a href=\"https:\/\/www.ultimato.com.br\/loja\/produtos\/refeicoes-diarias-celebrando-a-reconciliacao\">Refei\u00e7\u00f5es Di\u00e1rias \u2013 Celebrando a Reconcilia\u00e7\u00e3o<\/a>. Editora Ultimato.<\/strong><\/p>\n<p>Ou\u00e7a as nossas devocionais pelo <a href=\"https:\/\/open.spotify.com\/show\/7CG8DL9dgWZEgPzX3rnk51?si=1dbGejI2TQS16eamNjb2rA\">Spotify<\/a>!<\/p>\n","protected":false},"excerpt":{"rendered":"<p>Ao chegarem a Jerusal\u00e9m todos subiram para um sal\u00e3o grande no segundo andar\u00a0da casa: Pedro, Jo\u00e3o, Tiago, Andr\u00e9, Filipe, Tom\u00e9, Bartolomeu, Mateus, Tiago (filho\u00a0de Alfeu), Sim\u00e3o Zelote, Judas, filho de Tiago e muitas mulheres, inclusive Maria,\u00a0a m\u00e3e de Jesus. Tamb\u00e9m estavam os outros irm\u00e3os de Jesus. Havia uma unidade\u00a0palp\u00e1vel entre eles ao orarem juntos, pois [&hellip;]<\/p>\n","protected":false},"author":21,"featured_media":162,"comment_status":"open","ping_status":"open","sticky":false,"template":"","format":"standard","meta":{"ngg_post_thumbnail":0,"footnotes":""},"categories":[46047],"tags":[],"class_list":["post-9586","post","type-post","status-publish","format-standard","has-post-thumbnail","hentry","category-guilherme-kerr"],"publishpress_future_action":{"enabled":false,"date":"2026-05-04 23:17:27","action":"change-status","newStatus":"draft","terms":[],"taxonomy":"category","extraData":[]},"publishpress_future_workflow_manual_trigger":{"enabledWorkflows":[]},"_links":{"self":[{"href":"https:\/\/ultimato.com.br\/sites\/devocional-diaria\/wp-json\/wp\/v2\/posts\/9586","targetHints":{"allow":["GET"]}}],"collection":[{"href":"https:\/\/ultimato.com.br\/sites\/devocional-diaria\/wp-json\/wp\/v2\/posts"}],"about":[{"href":"https:\/\/ultimato.com.br\/sites\/devocional-diaria\/wp-json\/wp\/v2\/types\/post"}],"author":[{"embeddable":true,"href":"https:\/\/ultimato.com.br\/sites\/devocional-diaria\/wp-json\/wp\/v2\/users\/21"}],"replies":[{"embeddable":true,"href":"https:\/\/ultimato.com.br\/sites\/devocional-diaria\/wp-json\/wp\/v2\/comments?post=9586"}],"version-history":[{"count":1,"href":"https:\/\/ultimato.com.br\/sites\/devocional-diaria\/wp-json\/wp\/v2\/posts\/9586\/revisions"}],"predecessor-version":[{"id":9587,"href":"https:\/\/ultimato.com.br\/sites\/devocional-diaria\/wp-json\/wp\/v2\/posts\/9586\/revisions\/9587"}],"wp:featuredmedia":[{"embeddable":true,"href":"https:\/\/ultimato.com.br\/sites\/devocional-diaria\/wp-json\/wp\/v2\/media\/162"}],"wp:attachment":[{"href":"https:\/\/ultimato.com.br\/sites\/devocional-diaria\/wp-json\/wp\/v2\/media?parent=9586"}],"wp:term":[{"taxonomy":"category","embeddable":true,"href":"https:\/\/ultimato.com.br\/sites\/devocional-diaria\/wp-json\/wp\/v2\/categories?post=9586"},{"taxonomy":"post_tag","embeddable":true,"href":"https:\/\/ultimato.com.br\/sites\/devocional-diaria\/wp-json\/wp\/v2\/tags?post=9586"}],"curies":[{"name":"wp","href":"https:\/\/api.w.org\/{rel}","templated":true}]}}