{"id":9580,"date":"2022-04-26T00:00:24","date_gmt":"2022-04-26T02:00:24","guid":{"rendered":"https:\/\/ultimato.com.br\/sites\/devocional-diaria\/?p=9580"},"modified":"2022-04-20T10:36:43","modified_gmt":"2022-04-20T12:36:43","slug":"jesus-enxerga-as-outras-ovelhas-3","status":"publish","type":"post","link":"https:\/\/ultimato.com.br\/sites\/devocional-diaria\/2022\/04\/26\/autor\/elben-cesar\/jesus-enxerga-as-outras-ovelhas-3\/","title":{"rendered":"Jesus enxerga as outras ovelhas"},"content":{"rendered":"<p>O segredo \u00e9 este: por meio do evangelho os n\u00e3o-judeus participam com os judeus das b\u00ean\u00e7\u00e3os divinas. Eles s\u00e3o membros do mesmo corpo e participam da promessa que Deus fez por meio de Cristo Jesus.\u00a0Ef\u00e9sios 3.6, NTLH<\/p>\n<p>Jesus tem ovelhas no curral e fora do curral. Ele \u00e9 pastor destas e daquelas. Ele trabalha para reunir as de dentro e as de fora num s\u00f3 rebanho (Jo 10.16). O aprisco n\u00e3o pode abrigar apenas as ovelhas de Israel. Jesus \u00e9 pastor de outras ovelhas que vir\u00e3o de outras na\u00e7\u00f5es, de outras tradi\u00e7\u00f5es, outros contextos, de acordo com a soberania e o tempo de Deus. Isso est\u00e1 previsto desde a chamada de Abra\u00e3o: \u201cPor meio de voc\u00ea todos os povos da terra ser\u00e3o aben\u00e7oados\u201d (Gn 12.3, NVI). O tempo de arrebanhar as ovelhas de fora do curral come\u00e7ou com o derramamento do Esp\u00edrito sobre judeus, pros\u00e9litos e gentios (At 2.1-13) e com a Grande Comiss\u00e3o (At 1.8). O rebanho de Cristo n\u00e3o est\u00e1 mais confinado aos crentes entre os judeus. Inclui hoje os crentes de todas as na\u00e7\u00f5es, de todas as culturas, de todas as l\u00ednguas, de Jerusal\u00e9m aos confins da terra. A igreja torna-se internacional. A tenda anterior \u00e9 pequena demais e precisa ser ampliada. O curral anterior n\u00e3o consegue abrigar todas as ovelhas e precisa ser ampliado. Esse \u00e9 o segredo, o mist\u00e9rio, o des\u00edgnio secreto de Deus agora revelado (Ef 1.9-10).<\/p>\n<p>\u2014 Edifico-me em saber como s\u00e3o grandes as insond\u00e1veis riquezas de Cristo!<strong>\u00a0<\/strong><\/p>\n<p><strong>\u00a0<\/strong><\/p>\n<p><strong>&gt;&gt; Retirado de\u00a0<a href=\"https:\/\/www.ultimato.com.br\/loja\/produtos\/refeicoes-diarias-com-jesus\">Refei\u00e7\u00f5es Di\u00e1rias com Jesus<\/a> [Elben C\u00e9sar]. Editora Ultimato.<\/strong><\/p>\n<p>Ou\u00e7a as nossas devocionais pelo <a href=\"https:\/\/open.spotify.com\/show\/7CG8DL9dgWZEgPzX3rnk51?si=1dbGejI2TQS16eamNjb2rA\">Spotify<\/a>!<\/p>\n","protected":false},"excerpt":{"rendered":"<p>O segredo \u00e9 este: por meio do evangelho os n\u00e3o-judeus participam com os judeus das b\u00ean\u00e7\u00e3os divinas. Eles s\u00e3o membros do mesmo corpo e participam da promessa que Deus fez por meio de Cristo Jesus.\u00a0Ef\u00e9sios 3.6, NTLH Jesus tem ovelhas no curral e fora do curral. Ele \u00e9 pastor destas e daquelas. Ele trabalha para [&hellip;]<\/p>\n","protected":false},"author":21,"featured_media":164,"comment_status":"open","ping_status":"open","sticky":false,"template":"","format":"standard","meta":{"ngg_post_thumbnail":0,"footnotes":""},"categories":[5478],"tags":[],"class_list":["post-9580","post","type-post","status-publish","format-standard","has-post-thumbnail","hentry","category-elben-cesar"],"publishpress_future_action":{"enabled":false,"date":"2026-05-04 22:12:51","action":"change-status","newStatus":"draft","terms":[],"taxonomy":"category","extraData":[]},"publishpress_future_workflow_manual_trigger":{"enabledWorkflows":[]},"_links":{"self":[{"href":"https:\/\/ultimato.com.br\/sites\/devocional-diaria\/wp-json\/wp\/v2\/posts\/9580","targetHints":{"allow":["GET"]}}],"collection":[{"href":"https:\/\/ultimato.com.br\/sites\/devocional-diaria\/wp-json\/wp\/v2\/posts"}],"about":[{"href":"https:\/\/ultimato.com.br\/sites\/devocional-diaria\/wp-json\/wp\/v2\/types\/post"}],"author":[{"embeddable":true,"href":"https:\/\/ultimato.com.br\/sites\/devocional-diaria\/wp-json\/wp\/v2\/users\/21"}],"replies":[{"embeddable":true,"href":"https:\/\/ultimato.com.br\/sites\/devocional-diaria\/wp-json\/wp\/v2\/comments?post=9580"}],"version-history":[{"count":1,"href":"https:\/\/ultimato.com.br\/sites\/devocional-diaria\/wp-json\/wp\/v2\/posts\/9580\/revisions"}],"predecessor-version":[{"id":9581,"href":"https:\/\/ultimato.com.br\/sites\/devocional-diaria\/wp-json\/wp\/v2\/posts\/9580\/revisions\/9581"}],"wp:featuredmedia":[{"embeddable":true,"href":"https:\/\/ultimato.com.br\/sites\/devocional-diaria\/wp-json\/wp\/v2\/media\/164"}],"wp:attachment":[{"href":"https:\/\/ultimato.com.br\/sites\/devocional-diaria\/wp-json\/wp\/v2\/media?parent=9580"}],"wp:term":[{"taxonomy":"category","embeddable":true,"href":"https:\/\/ultimato.com.br\/sites\/devocional-diaria\/wp-json\/wp\/v2\/categories?post=9580"},{"taxonomy":"post_tag","embeddable":true,"href":"https:\/\/ultimato.com.br\/sites\/devocional-diaria\/wp-json\/wp\/v2\/tags?post=9580"}],"curies":[{"name":"wp","href":"https:\/\/api.w.org\/{rel}","templated":true}]}}