{"id":9576,"date":"2022-04-24T00:00:12","date_gmt":"2022-04-24T02:00:12","guid":{"rendered":"https:\/\/ultimato.com.br\/sites\/devocional-diaria\/?p=9576"},"modified":"2022-04-20T10:29:31","modified_gmt":"2022-04-20T12:29:31","slug":"mantenha-seu-senso-de-humor","status":"publish","type":"post","link":"https:\/\/ultimato.com.br\/sites\/devocional-diaria\/2022\/04\/24\/autor\/stanley-jones\/mantenha-seu-senso-de-humor\/","title":{"rendered":"Mantenha seu senso de humor"},"content":{"rendered":"<p>Salmos 4.8; Isa\u00edas 54.10<\/p>\n<p><em>Observe os fatos com precis\u00e3o e veja-os em um cen\u00e1rio amplo. <\/em>Aquilo que voc\u00ea teme\u00a0pode estar fora de foco; ocupa o centro quando deveria estar \u00e0 margem. Deus est\u00e1,\u00a0agora, no centro de sua vida; portanto, o medo est\u00e1 \u00e0 margem. Seus medos est\u00e3o\u00a0sendo dissolvidos no grande fato de Deus. Essa coisa marginal n\u00e3o tem o direito\u00a0de definir sua vida. Deus a define.<\/p>\n<p><em>Lembre-se de que nada que acontece com voc\u00ea pode ser t\u00e3o ruim quanto o pr\u00f3prio\u00a0medo. <\/em>As palavras de Michel de Montaigne s\u00e3o relevantes: \u201cQuem tem medo de\u00a0sofrer, j\u00e1 sofre porque tem medo\u201d.* E veja as palavras de Francisco de Sales a\u00a0um amigo que tinha medo: \u201cO medo \u00e9 uma dor maior do que a pr\u00f3pria dor\u201d.**\u00a0\u00c9 absolutamente verdade que nada que possa acontecer com voc\u00ea ser\u00e1 t\u00e3o ruim\u00a0quanto o pr\u00f3prio medo. Nas palavras atribu\u00eddas a Ralph Waldo Emerson, \u201cnunca\u00a0navegue com temor\u201d; isso ir\u00e1 lev\u00e1-lo para as pedras. Mas voc\u00ea pode usar os ventos\u00a0da adversidade e da calamidade para o levarem ao seu alvo.<\/p>\n<p><em>Mantenha seu senso de humor. <\/em>Quando voc\u00ea fica muito tenso e come\u00e7a a levar\u00a0a si mesmo e aos seus problemas muito a s\u00e9rio, v\u00e1 at\u00e9 o espelho e comece a rir.\u00a0Muitas vezes \u00e9 o que fa\u00e7o; isso diminui as tens\u00f5es. Enquanto estiver diante do\u00a0espelho, repita estas palavras: \u201c\u00d3 tolo, por que voc\u00ea se carrega sobre os pr\u00f3prios\u00a0ombros? \u00d3 mendigo, por que vem mendigar \u00e0 sua pr\u00f3pria porta?\u201d. E ent\u00e3o comece\u00a0a rir de si mesmo.<\/p>\n<p><em>Pense na f\u00e9, fale com f\u00e9 e aja com f\u00e9. <\/em>Ouvi a seguinte conversa em um trem:\u00a0\u201cO homem \u00e9 aquilo que ele come. Os Estados Unidos s\u00e3o a maior na\u00e7\u00e3o do\u00a0mundo, porque n\u00f3s comemos melhor do que os outros\u201d. Mas voc\u00ea pode atrapalhar\u00a0a digest\u00e3o daquilo que voc\u00ea come com emo\u00e7\u00f5es, medos e preocupa\u00e7\u00f5es erradas.\u00a0Portanto, \u00e9 aquilo que voc\u00ea pensa que determina o efeito do que voc\u00ea come.\u00a0Portanto, pense na f\u00e9, fale com f\u00e9 e aja com f\u00e9.<\/p>\n<p><em>O medo \u00e9 ego\u00edsta; a f\u00e9 \u00e9 centrada em Deus. <\/em>O medo faz voc\u00ea se voltar para si\u00a0mesmo; a f\u00e9 faz voc\u00ea se voltar para Deus. O primeiro cresce voltado para dentro;\u00a0o segundo cresce voltado para fora. Um \u00e9 doen\u00e7a; o outro \u00e9 sa\u00fade. O medo tenta\u00a0nervosamente manter \u00fanico o mundo em que voc\u00ea est\u00e1 inserido; a f\u00e9 entrega esse\u00a0mundo a Deus, e voc\u00ea e Deus trabalham juntos.<\/p>\n<p><em>\u00d3 Cristo, vejo, vejo que tenho tentado ser meu pr\u00f3prio salvador por meio de minha inquieta\u00e7\u00e3o,\u00a0minha raiva e minhas preocupa\u00e7\u00f5es. Tu \u00e9s meu Salvador. Entrego a ti, para\u00a0sempre, a mim mesmo, minhas preocupa\u00e7\u00f5es, meu tudo. Tu me tens, e eu estou liberto.\u00a0Sou grato. Am\u00e9m.\u00a0<\/em><\/p>\n<p>Afirma\u00e7\u00e3o do dia: Pense em si mesmo, e a afli\u00e7\u00e3o aumenta. Pense em Deus, e a\u00a0afli\u00e7\u00e3o se vai.<\/p>\n<p>* DE MONTAIGNE, Michel. <em>The essayes of Michael Lord of Montaigne<\/em>. Londres: Routledge,\u00a01886. p. 563.\u00a0** DE SALES, Fran\u00e7ois. <em>A selection from the spiritual letters of S. Francis de Sales. <\/em>Trad. H. L.\u00a0Sidney Lear. Londres: Rivingtons, 1871. p. 90.<strong>\u00a0<\/strong><\/p>\n<p><strong>\u00a0<\/strong><\/p>\n<p><strong>&gt;&gt; Retirado de\u00a0<a href=\"https:\/\/www.ultimato.com.br\/loja\/produtos\/o-caminho\">O Caminho<\/a> [Stanley Jones]. Editora Ultimato.<\/strong><\/p>\n","protected":false},"excerpt":{"rendered":"<p>Salmos 4.8; Isa\u00edas 54.10 Observe os fatos com precis\u00e3o e veja-os em um cen\u00e1rio amplo. Aquilo que voc\u00ea teme\u00a0pode estar fora de foco; ocupa o centro quando deveria estar \u00e0 margem. Deus est\u00e1,\u00a0agora, no centro de sua vida; portanto, o medo est\u00e1 \u00e0 margem. Seus medos est\u00e3o\u00a0sendo dissolvidos no grande fato de Deus. Essa coisa [&hellip;]<\/p>\n","protected":false},"author":21,"featured_media":166,"comment_status":"open","ping_status":"open","sticky":false,"template":"","format":"standard","meta":{"ngg_post_thumbnail":0,"footnotes":""},"categories":[40852],"tags":[],"class_list":["post-9576","post","type-post","status-publish","format-standard","has-post-thumbnail","hentry","category-stanley-jones"],"publishpress_future_action":{"enabled":false,"date":"2026-05-04 22:14:59","action":"change-status","newStatus":"draft","terms":[],"taxonomy":"category","extraData":[]},"publishpress_future_workflow_manual_trigger":{"enabledWorkflows":[]},"_links":{"self":[{"href":"https:\/\/ultimato.com.br\/sites\/devocional-diaria\/wp-json\/wp\/v2\/posts\/9576","targetHints":{"allow":["GET"]}}],"collection":[{"href":"https:\/\/ultimato.com.br\/sites\/devocional-diaria\/wp-json\/wp\/v2\/posts"}],"about":[{"href":"https:\/\/ultimato.com.br\/sites\/devocional-diaria\/wp-json\/wp\/v2\/types\/post"}],"author":[{"embeddable":true,"href":"https:\/\/ultimato.com.br\/sites\/devocional-diaria\/wp-json\/wp\/v2\/users\/21"}],"replies":[{"embeddable":true,"href":"https:\/\/ultimato.com.br\/sites\/devocional-diaria\/wp-json\/wp\/v2\/comments?post=9576"}],"version-history":[{"count":1,"href":"https:\/\/ultimato.com.br\/sites\/devocional-diaria\/wp-json\/wp\/v2\/posts\/9576\/revisions"}],"predecessor-version":[{"id":9577,"href":"https:\/\/ultimato.com.br\/sites\/devocional-diaria\/wp-json\/wp\/v2\/posts\/9576\/revisions\/9577"}],"wp:featuredmedia":[{"embeddable":true,"href":"https:\/\/ultimato.com.br\/sites\/devocional-diaria\/wp-json\/wp\/v2\/media\/166"}],"wp:attachment":[{"href":"https:\/\/ultimato.com.br\/sites\/devocional-diaria\/wp-json\/wp\/v2\/media?parent=9576"}],"wp:term":[{"taxonomy":"category","embeddable":true,"href":"https:\/\/ultimato.com.br\/sites\/devocional-diaria\/wp-json\/wp\/v2\/categories?post=9576"},{"taxonomy":"post_tag","embeddable":true,"href":"https:\/\/ultimato.com.br\/sites\/devocional-diaria\/wp-json\/wp\/v2\/tags?post=9576"}],"curies":[{"name":"wp","href":"https:\/\/api.w.org\/{rel}","templated":true}]}}