{"id":9572,"date":"2022-04-21T00:00:43","date_gmt":"2022-04-21T02:00:43","guid":{"rendered":"https:\/\/ultimato.com.br\/sites\/devocional-diaria\/?p=9572"},"modified":"2022-04-19T16:09:42","modified_gmt":"2022-04-19T18:09:42","slug":"o-abandono-mor","status":"publish","type":"post","link":"https:\/\/ultimato.com.br\/sites\/devocional-diaria\/2022\/04\/21\/autor\/elben-cesar\/o-abandono-mor\/","title":{"rendered":"O abandono-mor"},"content":{"rendered":"<p>N\u00e3o me desampares, Senhor; Deus meu, n\u00e3o te ausentes de mim.\u00a0Apressa-te em socorrer-me, Senhor, salva\u00e7\u00e3o minha. [Salmos 38.21-22]<\/p>\n<p>Ser abandonado pelo pai e pela m\u00e3e, ser abandonado pelos filhos, ser abandonado\u00a0pelo c\u00f4njuge, ser abandonado pela professora, ser abandonado pelos\u00a0irm\u00e3os na f\u00e9, ser abandonado pelos amigos, ser abandonado pelos colegas\u00a0\u2013 s\u00e3o experi\u00eancias traum\u00e1ticas.<\/p>\n<p>Mas nenhum abandono \u00e9 pior do que o abandono de Deus. Quando isso\u00a0ocorre, desaparecem para sempre todas as chances de sobreviv\u00eancia moral.\u00a0Que o diga o rei Saul. Depois de tantas oportunidades desperdi\u00e7adas, depois\u00a0de tantas reincid\u00eancias, depois de ter ignorado tantas vezes a voz de Deus, o\u00a0Senhor o abandona para sempre; e n\u00e3o se revela mais a ele \u201cnem por sonhos,\u00a0nem pelo Urim, nem atrav\u00e9s dos profetas\u201d (1Sm 28.6). Deus tirou o reino da\u00a0m\u00e3o de Saul e o deu a Davi (28.17).<\/p>\n<p>Porque n\u00e3o lhe deu ouvidos, apesar de toda revela\u00e7\u00e3o, Deus abandonou o\u00a0mundo antigo, entregando os seres humanos aos seus desejos e paix\u00f5es vergonhosas\u00a0(Rm 1.18-32). A humanidade, sozinha, enforca-se com suas pr\u00f3prias\u00a0m\u00e3os por causa de seus pr\u00f3prios pecados.<\/p>\n<p>O que resta a n\u00f3s? A beleza da s\u00faplica dirigida a Deus: \u201cPor favor, nunca me\u00a0abandones\u201d (Sl 119.8). Em outras vers\u00f5es: \u201cN\u00e3o me abandones completamente\u201d,\u00a0\u201cn\u00e3o me desampares jamais\u201d ou \u201cn\u00e3o me desampares de tudo\u201d. Antes que\u00a0seja tarde demais. Antes que o abandono seja completo, definitivo e eterno.<\/p>\n<p>Senhor, reconhe\u00e7o minhas falhas e suplico-te que n\u00e3o me abandones. Permite-me\u00a0ver-te uma vez mais. Ouve a minha ora\u00e7\u00e3o uma vez mais.<strong>\u00a0<\/strong><\/p>\n<p><strong>&gt;&gt; Retirado de\u00a0<a href=\"https:\/\/www.ultimato.com.br\/loja\/produtos\/refeicoes-diarias-celebrando-a-reconciliacao\">Refei\u00e7\u00f5es Di\u00e1rias \u2013 Celebrando a Reconcilia\u00e7\u00e3o<\/a>. Editora Ultimato.<\/strong><\/p>\n<p>Ou\u00e7a as nossas devocionais pelo <a href=\"https:\/\/open.spotify.com\/show\/7CG8DL9dgWZEgPzX3rnk51?si=1dbGejI2TQS16eamNjb2rA\">Spotify<\/a>!<\/p>\n","protected":false},"excerpt":{"rendered":"<p>N\u00e3o me desampares, Senhor; Deus meu, n\u00e3o te ausentes de mim.\u00a0Apressa-te em socorrer-me, Senhor, salva\u00e7\u00e3o minha. [Salmos 38.21-22] Ser abandonado pelo pai e pela m\u00e3e, ser abandonado pelos filhos, ser abandonado\u00a0pelo c\u00f4njuge, ser abandonado pela professora, ser abandonado pelos\u00a0irm\u00e3os na f\u00e9, ser abandonado pelos amigos, ser abandonado pelos colegas\u00a0\u2013 s\u00e3o experi\u00eancias traum\u00e1ticas. Mas nenhum abandono [&hellip;]<\/p>\n","protected":false},"author":21,"featured_media":162,"comment_status":"open","ping_status":"open","sticky":false,"template":"","format":"standard","meta":{"ngg_post_thumbnail":0,"footnotes":""},"categories":[5478],"tags":[],"class_list":["post-9572","post","type-post","status-publish","format-standard","has-post-thumbnail","hentry","category-elben-cesar"],"publishpress_future_action":{"enabled":false,"date":"2026-05-04 23:19:07","action":"change-status","newStatus":"draft","terms":[],"taxonomy":"category","extraData":[]},"publishpress_future_workflow_manual_trigger":{"enabledWorkflows":[]},"_links":{"self":[{"href":"https:\/\/ultimato.com.br\/sites\/devocional-diaria\/wp-json\/wp\/v2\/posts\/9572","targetHints":{"allow":["GET"]}}],"collection":[{"href":"https:\/\/ultimato.com.br\/sites\/devocional-diaria\/wp-json\/wp\/v2\/posts"}],"about":[{"href":"https:\/\/ultimato.com.br\/sites\/devocional-diaria\/wp-json\/wp\/v2\/types\/post"}],"author":[{"embeddable":true,"href":"https:\/\/ultimato.com.br\/sites\/devocional-diaria\/wp-json\/wp\/v2\/users\/21"}],"replies":[{"embeddable":true,"href":"https:\/\/ultimato.com.br\/sites\/devocional-diaria\/wp-json\/wp\/v2\/comments?post=9572"}],"version-history":[{"count":1,"href":"https:\/\/ultimato.com.br\/sites\/devocional-diaria\/wp-json\/wp\/v2\/posts\/9572\/revisions"}],"predecessor-version":[{"id":9573,"href":"https:\/\/ultimato.com.br\/sites\/devocional-diaria\/wp-json\/wp\/v2\/posts\/9572\/revisions\/9573"}],"wp:featuredmedia":[{"embeddable":true,"href":"https:\/\/ultimato.com.br\/sites\/devocional-diaria\/wp-json\/wp\/v2\/media\/162"}],"wp:attachment":[{"href":"https:\/\/ultimato.com.br\/sites\/devocional-diaria\/wp-json\/wp\/v2\/media?parent=9572"}],"wp:term":[{"taxonomy":"category","embeddable":true,"href":"https:\/\/ultimato.com.br\/sites\/devocional-diaria\/wp-json\/wp\/v2\/categories?post=9572"},{"taxonomy":"post_tag","embeddable":true,"href":"https:\/\/ultimato.com.br\/sites\/devocional-diaria\/wp-json\/wp\/v2\/tags?post=9572"}],"curies":[{"name":"wp","href":"https:\/\/api.w.org\/{rel}","templated":true}]}}