{"id":9558,"date":"2022-04-19T00:00:01","date_gmt":"2022-04-19T02:00:01","guid":{"rendered":"https:\/\/ultimato.com.br\/sites\/devocional-diaria\/?p=9558"},"modified":"2022-03-29T12:27:57","modified_gmt":"2022-03-29T14:27:57","slug":"porque-deus-amou-tanto-o-mundo","status":"publish","type":"post","link":"https:\/\/ultimato.com.br\/sites\/devocional-diaria\/2022\/04\/19\/autor\/eugene-h-peterson\/porque-deus-amou-tanto-o-mundo\/","title":{"rendered":"Porque Deus amou tanto o mundo"},"content":{"rendered":"<p>Deus amou tanto o mundo que deu seu Filho, seu \u00fanico filho, pela seguinte raz\u00e3o: para que ningu\u00e9m precise ser condenado; para que todos, crendo nele, possam ter vida plena e eterna. Jo\u00e3o 3.16<\/p>\n<p>O vers\u00edculo \u00e9, com raz\u00e3o, famoso: com ele, descobrimos\u00a0a atitude de Deus em rela\u00e7\u00e3o a n\u00f3s (o amor), sua a\u00e7\u00e3o em\u00a0nosso meio (ele entregou seu Filho) e seu prop\u00f3sito para n\u00f3s\u00a0(a vida eterna). Tudo o que precisamos saber sobre Deus \u2013 e\u00a0tudo isso \u00e9 bom.\u00a0Quando voc\u00ea leu este vers\u00edculo pela primeira vez?<\/p>\n<p>\u201c\u00d3 amor divino, que a todos os amores excede, a alegria\u00a0do c\u00e9u, que \u00e0 terra desceu, estabelece em n\u00f3s tua humilde\u00a0habita\u00e7\u00e3o; vem coroar com todas as tuas miseric\u00f3rdias!\u00a0Jesus, tu \u00e9s toda a compaix\u00e3o; amor puro e sem\u00a0limites, tu \u00e9s; visita-nos com tua salva\u00e7\u00e3o, entra em todo\u00a0cora\u00e7\u00e3o estremecido.\u201d* Am\u00e9m.<strong>\u00a0<\/strong><\/p>\n<p><strong>\u00a0<\/strong><\/p>\n<p><strong>&gt;&gt; Retirado de\u00a0<a href=\"http:\/\/www.ultimato.com.br\/loja\/produtos\/um-ano-com-jesus\">Um Ano com Jesus<\/a> [Eugene Peterson]. Editora Ultimato.<\/strong><\/p>\n<p>Ou\u00e7a as nossas devocionais pelo <a href=\"https:\/\/open.spotify.com\/show\/7CG8DL9dgWZEgPzX3rnk51?si=1dbGejI2TQS16eamNjb2rA\">Spotify<\/a>!<\/p>\n","protected":false},"excerpt":{"rendered":"<p>Deus amou tanto o mundo que deu seu Filho, seu \u00fanico filho, pela seguinte raz\u00e3o: para que ningu\u00e9m precise ser condenado; para que todos, crendo nele, possam ter vida plena e eterna. Jo\u00e3o 3.16 O vers\u00edculo \u00e9, com raz\u00e3o, famoso: com ele, descobrimos\u00a0a atitude de Deus em rela\u00e7\u00e3o a n\u00f3s (o amor), sua a\u00e7\u00e3o em\u00a0nosso [&hellip;]<\/p>\n","protected":false},"author":21,"featured_media":164,"comment_status":"open","ping_status":"open","sticky":false,"template":"","format":"standard","meta":{"ngg_post_thumbnail":0,"footnotes":""},"categories":[17809],"tags":[],"class_list":["post-9558","post","type-post","status-publish","format-standard","has-post-thumbnail","hentry","category-eugene-h-peterson"],"publishpress_future_action":{"enabled":false,"date":"2026-05-04 20:48:52","action":"change-status","newStatus":"draft","terms":[],"taxonomy":"category","extraData":[]},"publishpress_future_workflow_manual_trigger":{"enabledWorkflows":[]},"_links":{"self":[{"href":"https:\/\/ultimato.com.br\/sites\/devocional-diaria\/wp-json\/wp\/v2\/posts\/9558","targetHints":{"allow":["GET"]}}],"collection":[{"href":"https:\/\/ultimato.com.br\/sites\/devocional-diaria\/wp-json\/wp\/v2\/posts"}],"about":[{"href":"https:\/\/ultimato.com.br\/sites\/devocional-diaria\/wp-json\/wp\/v2\/types\/post"}],"author":[{"embeddable":true,"href":"https:\/\/ultimato.com.br\/sites\/devocional-diaria\/wp-json\/wp\/v2\/users\/21"}],"replies":[{"embeddable":true,"href":"https:\/\/ultimato.com.br\/sites\/devocional-diaria\/wp-json\/wp\/v2\/comments?post=9558"}],"version-history":[{"count":2,"href":"https:\/\/ultimato.com.br\/sites\/devocional-diaria\/wp-json\/wp\/v2\/posts\/9558\/revisions"}],"predecessor-version":[{"id":9560,"href":"https:\/\/ultimato.com.br\/sites\/devocional-diaria\/wp-json\/wp\/v2\/posts\/9558\/revisions\/9560"}],"wp:featuredmedia":[{"embeddable":true,"href":"https:\/\/ultimato.com.br\/sites\/devocional-diaria\/wp-json\/wp\/v2\/media\/164"}],"wp:attachment":[{"href":"https:\/\/ultimato.com.br\/sites\/devocional-diaria\/wp-json\/wp\/v2\/media?parent=9558"}],"wp:term":[{"taxonomy":"category","embeddable":true,"href":"https:\/\/ultimato.com.br\/sites\/devocional-diaria\/wp-json\/wp\/v2\/categories?post=9558"},{"taxonomy":"post_tag","embeddable":true,"href":"https:\/\/ultimato.com.br\/sites\/devocional-diaria\/wp-json\/wp\/v2\/tags?post=9558"}],"curies":[{"name":"wp","href":"https:\/\/api.w.org\/{rel}","templated":true}]}}