{"id":9556,"date":"2022-04-18T00:00:32","date_gmt":"2022-04-18T02:00:32","guid":{"rendered":"https:\/\/ultimato.com.br\/sites\/devocional-diaria\/?p=9556"},"modified":"2022-03-29T12:24:13","modified_gmt":"2022-03-29T14:24:13","slug":"otimismo-2","status":"publish","type":"post","link":"https:\/\/ultimato.com.br\/sites\/devocional-diaria\/2022\/04\/18\/autor\/elben-cesar\/otimismo-2\/","title":{"rendered":"Otimismo"},"content":{"rendered":"<p>O que ouvimos e aprendemos, o que nossos pais nos contaram.\u00a0N\u00e3o os esconderemos dos nossos filhos. (Sl 78.3,4.)<\/p>\n<p>O pai e a m\u00e3e comprometidos com Jesus Cristo n\u00e3o t\u00eam\u00a0desejo maior do que transmitir com sucesso o temor do Senhor para seus\u00a0filhos. Est\u00e3o convencidos de que essa \u00e9 a maior riqueza a ser deixada. Eles\u00a0fazem coro com o salmista: \u201cEm par\u00e1bolas abrirei a minha boca, proferirei\u00a0enigmas do passado; o que ouvimos e aprendemos, o que nossos pais nos\u00a0contaram. N\u00e3o os esconderemos dos nossos filhos\u201d (Sl 78.2-4).<\/p>\n<p>O entusiasmo do salmista \u00e9 sem medida. Ele desce fundo e caminha\u00a0longe. O prop\u00f3sito \u00e9 sincero e audacioso, pois pretende alcan\u00e7ar os filhos,\u00a0os netos, os bisnetos e assim por diante. Ele planeja algo organizado: cada\u00a0gera\u00e7\u00e3o passa a bagagem crist\u00e3 para a gera\u00e7\u00e3o seguinte e assim por diante,\u00a0at\u00e9 o retorno do Senhor.<\/p>\n<p>Parece, todavia, que o salmista est\u00e1 possu\u00eddo de uma dose exagerada de\u00a0otimismo. Ele acredita piamente que seus filhos, os filhos de seus filhos e os\u00a0que vir\u00e3o depois \u201cpor\u00e3o a confian\u00e7a em Deus\u201d, \u201cobedecer\u00e3o aos seus\u00a0mandamentos\u201d e \u201cn\u00e3o ser\u00e3o como seus antepassados, obstinados e rebeldes\u201d\u00a0(Sl 78.7,8). Tal sucesso n\u00e3o \u00e9 t\u00e3o f\u00e1cil assim. Haja vista o exemplo das\u00a0gera\u00e7\u00f5es anteriores que ele mesmo menciona.<\/p>\n<p>Bem ao lado, ou mesmo acima, desse santo otimismo, o salmista e os\u00a0pais de hoje v\u00e3o precisar demasiadamente do Senhor e tamb\u00e9m de muito\u00a0exemplo, muito amor, muita\u00a0persist\u00eancia, muito ensino, muito suor, muitas l\u00e1grimas e muita ora\u00e7\u00e3o!<\/p>\n<p>&nbsp;<\/p>\n<p><strong>&gt;&gt; Retirado de\u00a0<a href=\"http:\/\/www.ultimato.com.br\/loja\/produtos\/refeicoes-diarias-com-o-sabor-dos-salmos\">Refei\u00e7\u00f5es Di\u00e1rias com o Sabor dos Salmos<\/a> [Elben C\u00e9sar]. Editora Ultimato.<\/strong><strong>\u00a0<\/strong><\/p>\n<p>Ou\u00e7a as nossas devocionais pelo <a href=\"https:\/\/open.spotify.com\/show\/7CG8DL9dgWZEgPzX3rnk51?si=1dbGejI2TQS16eamNjb2rA\">Spotify<\/a>!<\/p>\n","protected":false},"excerpt":{"rendered":"<p>O que ouvimos e aprendemos, o que nossos pais nos contaram.\u00a0N\u00e3o os esconderemos dos nossos filhos. (Sl 78.3,4.) O pai e a m\u00e3e comprometidos com Jesus Cristo n\u00e3o t\u00eam\u00a0desejo maior do que transmitir com sucesso o temor do Senhor para seus\u00a0filhos. Est\u00e3o convencidos de que essa \u00e9 a maior riqueza a ser deixada. Eles\u00a0fazem coro [&hellip;]<\/p>\n","protected":false},"author":21,"featured_media":165,"comment_status":"open","ping_status":"open","sticky":false,"template":"","format":"standard","meta":{"ngg_post_thumbnail":0,"footnotes":""},"categories":[5478],"tags":[],"class_list":["post-9556","post","type-post","status-publish","format-standard","has-post-thumbnail","hentry","category-elben-cesar"],"publishpress_future_action":{"enabled":false,"date":"2026-05-04 20:43:22","action":"change-status","newStatus":"draft","terms":[],"taxonomy":"category","extraData":[]},"publishpress_future_workflow_manual_trigger":{"enabledWorkflows":[]},"_links":{"self":[{"href":"https:\/\/ultimato.com.br\/sites\/devocional-diaria\/wp-json\/wp\/v2\/posts\/9556","targetHints":{"allow":["GET"]}}],"collection":[{"href":"https:\/\/ultimato.com.br\/sites\/devocional-diaria\/wp-json\/wp\/v2\/posts"}],"about":[{"href":"https:\/\/ultimato.com.br\/sites\/devocional-diaria\/wp-json\/wp\/v2\/types\/post"}],"author":[{"embeddable":true,"href":"https:\/\/ultimato.com.br\/sites\/devocional-diaria\/wp-json\/wp\/v2\/users\/21"}],"replies":[{"embeddable":true,"href":"https:\/\/ultimato.com.br\/sites\/devocional-diaria\/wp-json\/wp\/v2\/comments?post=9556"}],"version-history":[{"count":1,"href":"https:\/\/ultimato.com.br\/sites\/devocional-diaria\/wp-json\/wp\/v2\/posts\/9556\/revisions"}],"predecessor-version":[{"id":9557,"href":"https:\/\/ultimato.com.br\/sites\/devocional-diaria\/wp-json\/wp\/v2\/posts\/9556\/revisions\/9557"}],"wp:featuredmedia":[{"embeddable":true,"href":"https:\/\/ultimato.com.br\/sites\/devocional-diaria\/wp-json\/wp\/v2\/media\/165"}],"wp:attachment":[{"href":"https:\/\/ultimato.com.br\/sites\/devocional-diaria\/wp-json\/wp\/v2\/media?parent=9556"}],"wp:term":[{"taxonomy":"category","embeddable":true,"href":"https:\/\/ultimato.com.br\/sites\/devocional-diaria\/wp-json\/wp\/v2\/categories?post=9556"},{"taxonomy":"post_tag","embeddable":true,"href":"https:\/\/ultimato.com.br\/sites\/devocional-diaria\/wp-json\/wp\/v2\/tags?post=9556"}],"curies":[{"name":"wp","href":"https:\/\/api.w.org\/{rel}","templated":true}]}}