{"id":9552,"date":"2022-04-02T00:00:43","date_gmt":"2022-04-02T02:00:43","guid":{"rendered":"https:\/\/ultimato.com.br\/sites\/devocional-diaria\/?p=9552"},"modified":"2022-03-29T12:16:34","modified_gmt":"2022-03-29T14:16:34","slug":"perdao-para-os-pecados-financeiros","status":"publish","type":"post","link":"https:\/\/ultimato.com.br\/sites\/devocional-diaria\/2022\/04\/02\/autor\/stanley-jones\/perdao-para-os-pecados-financeiros\/","title":{"rendered":"Perd\u00e3o para os pecados financeiros"},"content":{"rendered":"<p>Mateus 18.21-35<\/p>\n<p>\u201cPerdoa as nossas ofensas\u00a0como tamb\u00e9m n\u00f3s perdoamos as pessoas que nos ofenderam\u201d (NTLH). Uso a\u00a0palavra <em>ofensas <\/em>em vez de <em>d\u00edvidas<\/em>. Esta, hoje em dia, tem um significado monet\u00e1rio\u00a0que acabou por limit\u00e1-la, enquanto o termo <em>ofensas <\/em>tem um sentido mais amplo:\u00a0significa qualquer coisa que fizemos contra outra pessoa; qualquer ofensa que\u00a0tenhamos feito contra os direitos, contra a alma do outro, qualquer dano infligido.<\/p>\n<p>Mas a ora\u00e7\u00e3o conecta o perd\u00e3o das ofensas com a obten\u00e7\u00e3o do p\u00e3o di\u00e1rio por um\u00a0\u201ce\u201d. A maioria das ofensas que precisamos perdoar est\u00e1 ligada ao lado econ\u00f4mico\u00a0da vida, \u00e0 obten\u00e7\u00e3o do nosso p\u00e3o de cada dia? Sim. Nossos maiores pecados s\u00e3o\u00a0os pecados financeiros, t\u00e3o escondidos sob a respeitabilidade e sob o costume que\u00a0dificilmente estamos cientes deles. Luxos s\u00e3o coisas que levam os outros a viverem\u00a0sem o b\u00e1sico. Isso fere a consci\u00eancia de todos n\u00f3s. Vemos os poucos que produzem\u00a0e o pouco que recebem pela produ\u00e7\u00e3o, e quantos, como intermedi\u00e1rios que nada\u00a0produzem, obt\u00eam lucros exorbitantes quando a produ\u00e7\u00e3o passa por suas m\u00e3os\u00a0para chegar ao consumidor. Ent\u00e3o percebemos que h\u00e1 muita ofensa, tanto contra\u00a0o produtor como contra o consumidor, uma ofensa que fere. E, quando vemos\u00a0produtores, por sua vez, diminu\u00edrem deliberadamente a produ\u00e7\u00e3o para manter os\u00a0pre\u00e7os altos \u2013 mesmo que, ao fazerem isso, possam levar crian\u00e7as a morrerem de\u00a0fome \u2013, ent\u00e3o sabemos que devemos fazer esta ora\u00e7\u00e3o: \u201cPerdoa as nossas ofensas\u201d.<\/p>\n<p>Teremos de continuar a fazer essa ora\u00e7\u00e3o at\u00e9 chegarmos a uma ordem cooperativa,\u00a0uma ordem na qual, quando trabalho para mim mesmo, trabalho para os\u00a0outros, e, quando trabalho para os outros, trabalho para mim mesmo. Esta seria\u00a0uma ordem em que amo meu vizinho, assim como amo a mim mesmo. Esse seria\u00a0o Caminho. At\u00e9 l\u00e1, continuaremos a trope\u00e7ar de depress\u00e3o em depress\u00e3o. Essas\u00a0depress\u00f5es s\u00e3o aguilh\u00f5es de Deus, levando-nos ao Caminho. Se n\u00e3o aprendermos\u00a0com o Caminho, teremos de aprender da maneira mais dif\u00edcil. Se n\u00e3o recebermos\u00a0o que a m\u00e3o da gra\u00e7a de Deus nos oferece, teremos de receber o que a m\u00e3o do\u00a0ju\u00edzo de Deus nos oferece.<\/p>\n<p><em>\u00d3 Deus, tu est\u00e1s nos ensinando teu Caminho, ensinando-nos por meio de Cristo e por\u00a0meio da cat\u00e1strofe. Ajuda-nos a tomar o caminho de Cristo em vez do dif\u00edcil caminho da\u00a0cat\u00e1strofe. Pois somos tolos e cegos e nos ferimos. Cheios de feridas que infligimos a n\u00f3s\u00a0mesmos, chegamos a ti em busca de perd\u00e3o. Am\u00e9m.\u00a0<\/em><\/p>\n<p>Afirma\u00e7\u00e3o do dia: \u201cFoi bom para mim ter sido castigado, para que aprendesse\u00a0os teus decretos\u201d (Sl 119.71).<\/p>\n<p><strong>\u00a0<\/strong><\/p>\n<p><strong>&gt;&gt; Retirado de\u00a0<a href=\"https:\/\/www.ultimato.com.br\/loja\/produtos\/o-caminho\">O Caminho<\/a> [Stanley Jones]. Editora Ultimato.<\/strong><\/p>\n","protected":false},"excerpt":{"rendered":"<p>Mateus 18.21-35 \u201cPerdoa as nossas ofensas\u00a0como tamb\u00e9m n\u00f3s perdoamos as pessoas que nos ofenderam\u201d (NTLH). Uso a\u00a0palavra ofensas em vez de d\u00edvidas. Esta, hoje em dia, tem um significado monet\u00e1rio\u00a0que acabou por limit\u00e1-la, enquanto o termo ofensas tem um sentido mais amplo:\u00a0significa qualquer coisa que fizemos contra outra pessoa; qualquer ofensa que\u00a0tenhamos feito contra os [&hellip;]<\/p>\n","protected":false},"author":21,"featured_media":157,"comment_status":"open","ping_status":"open","sticky":false,"template":"","format":"standard","meta":{"ngg_post_thumbnail":0,"footnotes":""},"categories":[40852],"tags":[],"class_list":["post-9552","post","type-post","status-publish","format-standard","has-post-thumbnail","hentry","category-stanley-jones"],"publishpress_future_action":{"enabled":false,"date":"2026-05-05 01:11:32","action":"change-status","newStatus":"draft","terms":[],"taxonomy":"category","extraData":[]},"publishpress_future_workflow_manual_trigger":{"enabledWorkflows":[]},"_links":{"self":[{"href":"https:\/\/ultimato.com.br\/sites\/devocional-diaria\/wp-json\/wp\/v2\/posts\/9552","targetHints":{"allow":["GET"]}}],"collection":[{"href":"https:\/\/ultimato.com.br\/sites\/devocional-diaria\/wp-json\/wp\/v2\/posts"}],"about":[{"href":"https:\/\/ultimato.com.br\/sites\/devocional-diaria\/wp-json\/wp\/v2\/types\/post"}],"author":[{"embeddable":true,"href":"https:\/\/ultimato.com.br\/sites\/devocional-diaria\/wp-json\/wp\/v2\/users\/21"}],"replies":[{"embeddable":true,"href":"https:\/\/ultimato.com.br\/sites\/devocional-diaria\/wp-json\/wp\/v2\/comments?post=9552"}],"version-history":[{"count":1,"href":"https:\/\/ultimato.com.br\/sites\/devocional-diaria\/wp-json\/wp\/v2\/posts\/9552\/revisions"}],"predecessor-version":[{"id":9553,"href":"https:\/\/ultimato.com.br\/sites\/devocional-diaria\/wp-json\/wp\/v2\/posts\/9552\/revisions\/9553"}],"wp:featuredmedia":[{"embeddable":true,"href":"https:\/\/ultimato.com.br\/sites\/devocional-diaria\/wp-json\/wp\/v2\/media\/157"}],"wp:attachment":[{"href":"https:\/\/ultimato.com.br\/sites\/devocional-diaria\/wp-json\/wp\/v2\/media?parent=9552"}],"wp:term":[{"taxonomy":"category","embeddable":true,"href":"https:\/\/ultimato.com.br\/sites\/devocional-diaria\/wp-json\/wp\/v2\/categories?post=9552"},{"taxonomy":"post_tag","embeddable":true,"href":"https:\/\/ultimato.com.br\/sites\/devocional-diaria\/wp-json\/wp\/v2\/tags?post=9552"}],"curies":[{"name":"wp","href":"https:\/\/api.w.org\/{rel}","templated":true}]}}