{"id":9548,"date":"2022-04-16T00:00:40","date_gmt":"2022-04-16T02:00:40","guid":{"rendered":"https:\/\/ultimato.com.br\/sites\/devocional-diaria\/?p=9548"},"modified":"2022-03-29T10:12:27","modified_gmt":"2022-03-29T12:12:27","slug":"senhor-da-historia","status":"publish","type":"post","link":"https:\/\/ultimato.com.br\/sites\/devocional-diaria\/2022\/04\/16\/autor\/ricardo-barbosa-de-sousa\/senhor-da-historia\/","title":{"rendered":"Senhor da hist\u00f3ria\u00a0"},"content":{"rendered":"<p><em>Por Ricardo Barbosa<\/em><\/p>\n<p>E entoavam novo c\u00e2ntico, dizendo: Digno \u00e9s de tomar o livro e de abrir-lhe os\u00a0selos, porque foste morto e com o teu sangue compraste para Deus os que\u00a0procedem de toda tribo, l\u00edngua, povo e na\u00e7\u00e3o e para o nosso Deus os\u00a0constitu\u00edste reino e sacerdotes; e reinar\u00e3o sobre a terra. [Apocalipse 5.9-10]<\/p>\n<p>O valor da cruz de Cristo est\u00e1 naquilo que ela realizou, e n\u00e3o na dor que\u00a0provocou. As autoridades religiosas e pol\u00edticas exerceram seu poder e o\u00a0crucificaram, acharam que a cruz poria fim n\u00e3o apenas \u00e0 sua vida, mas\u00a0tamb\u00e9m \u00e0s amea\u00e7as que ela trouxe. Quando olharam para o Calv\u00e1rio e o viram\u00a0agonizando na cruz, estavam certos da sua vit\u00f3ria. Sentiram-se senhores da\u00a0vida e da morte. Pilatos mesmo reconheceu o poder que tinha nas m\u00e3os ao\u00a0afirmar sua autoridade para absolv\u00ea-lo ou conden\u00e1-lo. E assim os homens\u00a0cultuam o poder.<\/p>\n<p>Mas a cruz deu a Jesus a autoridade sobre a hist\u00f3ria dos homens. \u00c9 ele\u00a0quem det\u00e9m o poder para abrir o livro e conduzir os acontecimentos. Ele\u00a0\u00e9 o alfa e o \u00f4mega e aquele que tem as chaves da morte e do inferno. Quem\u00a0governa a hist\u00f3ria n\u00e3o s\u00e3o os pol\u00edticos poderosos, nem ditadores autorit\u00e1rios.\u00a0\u00c9 Cristo, que, com seu sangue, estabeleceu seu reino. A cruz foi o triunfo do\u00a0amor sobre o poder.<\/p>\n<p>Voc\u00ea vive sob o triunfo do crucificado ou sua vida \u00e9 determinada pelas\u00a0pot\u00eancias que governam e decidem os destinos do mundo?<\/p>\n<p>\u201cSilenciam os poderes ante a cruz do G\u00f3lgota. O teu povo agraciado canta\u00a0\u2018am\u00e9m\u2019 e \u2018aleluia\u2019. Gra\u00e7as pelas tuas dores, gra\u00e7as pelo teu morrer. Tu nos deste\u00a0vida nova: adoramos teu poder\u201d (Friedrich von Bodelschwingh, 1831\u20131910).<\/p>\n<p>Pai, sentimo-nos impotentes diante do poder daqueles que governam; \u00e0s vezes\u00a0parece que s\u00e3o eles que det\u00eam o destino, que determinam os acontecimentos.\u00a0Leva-nos de volta ao Calv\u00e1rio, abre nossos olhos para contemplarmos o triunfo\u00a0da cruz, d\u00e1-nos mais uma vez a gra\u00e7a de vivermos dominados pelo invis\u00edvel, por\u00a0aquilo que ningu\u00e9m v\u00ea, sen\u00e3o aqueles cujos olhos foram abertos por ti. Am\u00e9m.<strong>\u00a0<\/strong><\/p>\n<p><strong>\u00a0<\/strong><\/p>\n<p><strong>&gt;&gt; Retirado de\u00a0<a href=\"https:\/\/www.ultimato.com.br\/loja\/produtos\/refeicoes-diarias-celebrando-a-reconciliacao\">Refei\u00e7\u00f5es Di\u00e1rias \u2013 Celebrando a Reconcilia\u00e7\u00e3o<\/a>. Editora Ultimato.<\/strong><\/p>\n","protected":false},"excerpt":{"rendered":"<p>Por Ricardo Barbosa E entoavam novo c\u00e2ntico, dizendo: Digno \u00e9s de tomar o livro e de abrir-lhe os\u00a0selos, porque foste morto e com o teu sangue compraste para Deus os que\u00a0procedem de toda tribo, l\u00edngua, povo e na\u00e7\u00e3o e para o nosso Deus os\u00a0constitu\u00edste reino e sacerdotes; e reinar\u00e3o sobre a terra. [Apocalipse 5.9-10] O [&hellip;]<\/p>\n","protected":false},"author":21,"featured_media":157,"comment_status":"open","ping_status":"open","sticky":false,"template":"","format":"standard","meta":{"ngg_post_thumbnail":0,"footnotes":""},"categories":[17805],"tags":[],"class_list":["post-9548","post","type-post","status-publish","format-standard","has-post-thumbnail","hentry","category-ricardo-barbosa-de-sousa"],"publishpress_future_action":{"enabled":false,"date":"2026-05-04 18:03:05","action":"change-status","newStatus":"draft","terms":[],"taxonomy":"category","extraData":[]},"publishpress_future_workflow_manual_trigger":{"enabledWorkflows":[]},"_links":{"self":[{"href":"https:\/\/ultimato.com.br\/sites\/devocional-diaria\/wp-json\/wp\/v2\/posts\/9548","targetHints":{"allow":["GET"]}}],"collection":[{"href":"https:\/\/ultimato.com.br\/sites\/devocional-diaria\/wp-json\/wp\/v2\/posts"}],"about":[{"href":"https:\/\/ultimato.com.br\/sites\/devocional-diaria\/wp-json\/wp\/v2\/types\/post"}],"author":[{"embeddable":true,"href":"https:\/\/ultimato.com.br\/sites\/devocional-diaria\/wp-json\/wp\/v2\/users\/21"}],"replies":[{"embeddable":true,"href":"https:\/\/ultimato.com.br\/sites\/devocional-diaria\/wp-json\/wp\/v2\/comments?post=9548"}],"version-history":[{"count":1,"href":"https:\/\/ultimato.com.br\/sites\/devocional-diaria\/wp-json\/wp\/v2\/posts\/9548\/revisions"}],"predecessor-version":[{"id":9549,"href":"https:\/\/ultimato.com.br\/sites\/devocional-diaria\/wp-json\/wp\/v2\/posts\/9548\/revisions\/9549"}],"wp:featuredmedia":[{"embeddable":true,"href":"https:\/\/ultimato.com.br\/sites\/devocional-diaria\/wp-json\/wp\/v2\/media\/157"}],"wp:attachment":[{"href":"https:\/\/ultimato.com.br\/sites\/devocional-diaria\/wp-json\/wp\/v2\/media?parent=9548"}],"wp:term":[{"taxonomy":"category","embeddable":true,"href":"https:\/\/ultimato.com.br\/sites\/devocional-diaria\/wp-json\/wp\/v2\/categories?post=9548"},{"taxonomy":"post_tag","embeddable":true,"href":"https:\/\/ultimato.com.br\/sites\/devocional-diaria\/wp-json\/wp\/v2\/tags?post=9548"}],"curies":[{"name":"wp","href":"https:\/\/api.w.org\/{rel}","templated":true}]}}