{"id":9546,"date":"2022-04-15T00:00:49","date_gmt":"2022-04-15T02:00:49","guid":{"rendered":"https:\/\/ultimato.com.br\/sites\/devocional-diaria\/?p=9546"},"modified":"2022-03-29T10:04:34","modified_gmt":"2022-03-29T12:04:34","slug":"a-agonia-no-jardim-2","status":"publish","type":"post","link":"https:\/\/ultimato.com.br\/sites\/devocional-diaria\/2022\/04\/15\/autor\/j-i-packer\/a-agonia-no-jardim-2\/","title":{"rendered":"A agonia no jardim"},"content":{"rendered":"<p>N\u00f3s o consideramos castigado por Deus&#8230; o castigo que nos trouxe paz estava sobre ele&#8230; o Senhor fez cair sobre ele a iniquidade de todos n\u00f3s&#8230; o Senhor tenha feito da vida dele uma oferta pela culpa. (Isa\u00edas 53.4-6, 10)<\/p>\n<p>Foi porque Jesus foi feito pecado e suportou o julgamento de Deus pelo pecado que ele ficou perturbado no jardim. E foi porque ele estava, de fato, suportando esse julgamento que ele se declarou abandonado por Deus na cruz. S\u00e9culos antes, Isa\u00edas havia dito com todas as letras: \u201cO Senhor fez cair sobre ele a iniquidade de todos n\u00f3s\u201d. Assim escreveu Anne Cousin (1824-1906):<\/p>\n<p>\u00d3 Cristo, que peso terr\u00edvel curvou tua fronte!<\/p>\n<p>Que peso foi jogado sobre ti;<\/p>\n<p>Tomaste o lugar do pecador,<\/p>\n<p>Suportaste todo o mal por mim.<\/p>\n<p>Levado como v\u00edtima, teu sangue foi derramado,<\/p>\n<p>Agora j\u00e1 n\u00e3o h\u00e1 castigo para mim.<\/p>\n<p>O Santo escondeu sua face;<\/p>\n<p>\u00d3 Cristo, escondeu-a de ti;<\/p>\n<p>Por um pouco as trevas envolveram tua alma,<\/p>\n<p>A escurid\u00e3o devida a mim.<\/p>\n<p>Mas agora aquela face de gra\u00e7a radiante<\/p>\n<p>Brilha continuamente, iluminando a mim.<\/p>\n<p>Para orar: Em ora\u00e7\u00e3o, responda \u00e0 passagem de Isa\u00edas 53, usando as palavras do hino acima.<strong>\u00a0<\/strong><\/p>\n<p><strong>\u00a0<\/strong><\/p>\n<p><strong>&gt;&gt; Retirado de\u00a0<\/strong><strong><a href=\"https:\/\/www.ultimato.com.br\/loja\/produtos\/conhecendo-a-deus-ao-longo-do-ano\">Conhecendo a Deus ao Longo do Ano<\/a><\/strong><strong> [J. I. Packer]<\/strong><strong>. Editora Ultimato.<\/strong><\/p>\n<p>Ou\u00e7a as nossas devocionais pelo <a href=\"https:\/\/open.spotify.com\/show\/7CG8DL9dgWZEgPzX3rnk51?si=1dbGejI2TQS16eamNjb2rA\">Spotify<\/a>!<\/p>\n","protected":false},"excerpt":{"rendered":"<p>N\u00f3s o consideramos castigado por Deus&#8230; o castigo que nos trouxe paz estava sobre ele&#8230; o Senhor fez cair sobre ele a iniquidade de todos n\u00f3s&#8230; o Senhor tenha feito da vida dele uma oferta pela culpa. (Isa\u00edas 53.4-6, 10) Foi porque Jesus foi feito pecado e suportou o julgamento de Deus pelo pecado que [&hellip;]<\/p>\n","protected":false},"author":21,"featured_media":161,"comment_status":"open","ping_status":"open","sticky":false,"template":"","format":"standard","meta":{"ngg_post_thumbnail":0,"footnotes":""},"categories":[5655],"tags":[],"class_list":["post-9546","post","type-post","status-publish","format-standard","has-post-thumbnail","hentry","category-j-i-packer"],"publishpress_future_action":{"enabled":false,"date":"2026-05-04 19:24:07","action":"change-status","newStatus":"draft","terms":[],"taxonomy":"category","extraData":[]},"publishpress_future_workflow_manual_trigger":{"enabledWorkflows":[]},"_links":{"self":[{"href":"https:\/\/ultimato.com.br\/sites\/devocional-diaria\/wp-json\/wp\/v2\/posts\/9546","targetHints":{"allow":["GET"]}}],"collection":[{"href":"https:\/\/ultimato.com.br\/sites\/devocional-diaria\/wp-json\/wp\/v2\/posts"}],"about":[{"href":"https:\/\/ultimato.com.br\/sites\/devocional-diaria\/wp-json\/wp\/v2\/types\/post"}],"author":[{"embeddable":true,"href":"https:\/\/ultimato.com.br\/sites\/devocional-diaria\/wp-json\/wp\/v2\/users\/21"}],"replies":[{"embeddable":true,"href":"https:\/\/ultimato.com.br\/sites\/devocional-diaria\/wp-json\/wp\/v2\/comments?post=9546"}],"version-history":[{"count":1,"href":"https:\/\/ultimato.com.br\/sites\/devocional-diaria\/wp-json\/wp\/v2\/posts\/9546\/revisions"}],"predecessor-version":[{"id":9547,"href":"https:\/\/ultimato.com.br\/sites\/devocional-diaria\/wp-json\/wp\/v2\/posts\/9546\/revisions\/9547"}],"wp:featuredmedia":[{"embeddable":true,"href":"https:\/\/ultimato.com.br\/sites\/devocional-diaria\/wp-json\/wp\/v2\/media\/161"}],"wp:attachment":[{"href":"https:\/\/ultimato.com.br\/sites\/devocional-diaria\/wp-json\/wp\/v2\/media?parent=9546"}],"wp:term":[{"taxonomy":"category","embeddable":true,"href":"https:\/\/ultimato.com.br\/sites\/devocional-diaria\/wp-json\/wp\/v2\/categories?post=9546"},{"taxonomy":"post_tag","embeddable":true,"href":"https:\/\/ultimato.com.br\/sites\/devocional-diaria\/wp-json\/wp\/v2\/tags?post=9546"}],"curies":[{"name":"wp","href":"https:\/\/api.w.org\/{rel}","templated":true}]}}