{"id":9544,"date":"2022-04-14T00:00:38","date_gmt":"2022-04-14T02:00:38","guid":{"rendered":"https:\/\/ultimato.com.br\/sites\/devocional-diaria\/?p=9544"},"modified":"2022-03-29T10:00:29","modified_gmt":"2022-03-29T12:00:29","slug":"abandonado","status":"publish","type":"post","link":"https:\/\/ultimato.com.br\/sites\/devocional-diaria\/2022\/04\/14\/autor\/j-i-packer\/abandonado\/","title":{"rendered":"Abandonado"},"content":{"rendered":"<p>Meu Deus! Meu Deus! Por que me abandonaste? (Mateus 27.46)<\/p>\n<p>Olhe para a cruz e voc\u00ea ver\u00e1 o resultado da rea\u00e7\u00e3o judicial de Deus para com o pecado do ser humano. Qual foi esse resultado? Separa\u00e7\u00e3o e priva\u00e7\u00e3o de todo bem.<\/p>\n<p>Na cruz, Jesus perdeu todo bem que tivera antes. Todo senso da presen\u00e7a e do amor do Pai, todo senso de bem-estar f\u00edsico, mental e espiritual, todo prazer de Deus e das coisas criadas, toda tranquilidade e conforto da comunh\u00e3o lhe foram tirados. No lugar dessas coisas n\u00e3o ficou nada al\u00e9m de solid\u00e3o, dor, um sentimento mortal da maldade e insensibilidade humanas e o horror de uma grande escurid\u00e3o espiritual. A dor f\u00edsica, embora intensa (porque a crucifica\u00e7\u00e3o continua sendo a mais cruel forma de execu\u00e7\u00e3o judicial que o mundo j\u00e1 conheceu), era apenas uma pequena parte da hist\u00f3ria; os principais sofrimentos de Jesus eram mentais e espirituais. O que aconteceu em pouco mais de seis horas pareceu-lhe uma eterna agonia \u2013 agonia tal que cada minuto era uma eternidade em si mesmo, como s\u00f3 aqueles que sofrem dores mentais sabem que os minutos podem ser.<\/p>\n<p>Para refletir<strong>: <\/strong>Usando o s\u00edmbolo de uma cruz, medite sobre o abandono que Jesus suportou ali. Agrade\u00e7a ao Senhor por seu sacrif\u00edcio.<\/p>\n<p><strong>\u00a0<\/strong><\/p>\n<p><strong>&gt;&gt; Retirado de\u00a0<\/strong><strong><a href=\"https:\/\/www.ultimato.com.br\/loja\/produtos\/conhecendo-a-deus-ao-longo-do-ano\">Conhecendo a Deus ao Longo do Ano<\/a><\/strong><strong> [J. I. Packer]<\/strong><strong>. Editora Ultimato.<\/strong><\/p>\n<p>Ou\u00e7a as nossas devocionais pelo <a href=\"https:\/\/open.spotify.com\/show\/7CG8DL9dgWZEgPzX3rnk51?si=1dbGejI2TQS16eamNjb2rA\">Spotify<\/a>!<\/p>\n","protected":false},"excerpt":{"rendered":"<p>Meu Deus! Meu Deus! Por que me abandonaste? (Mateus 27.46) Olhe para a cruz e voc\u00ea ver\u00e1 o resultado da rea\u00e7\u00e3o judicial de Deus para com o pecado do ser humano. Qual foi esse resultado? Separa\u00e7\u00e3o e priva\u00e7\u00e3o de todo bem. Na cruz, Jesus perdeu todo bem que tivera antes. Todo senso da presen\u00e7a e [&hellip;]<\/p>\n","protected":false},"author":21,"featured_media":162,"comment_status":"open","ping_status":"open","sticky":false,"template":"","format":"standard","meta":{"ngg_post_thumbnail":0,"footnotes":""},"categories":[5655],"tags":[],"class_list":["post-9544","post","type-post","status-publish","format-standard","has-post-thumbnail","hentry","category-j-i-packer"],"publishpress_future_action":{"enabled":false,"date":"2026-05-04 20:48:53","action":"change-status","newStatus":"draft","terms":[],"taxonomy":"category","extraData":[]},"publishpress_future_workflow_manual_trigger":{"enabledWorkflows":[]},"_links":{"self":[{"href":"https:\/\/ultimato.com.br\/sites\/devocional-diaria\/wp-json\/wp\/v2\/posts\/9544","targetHints":{"allow":["GET"]}}],"collection":[{"href":"https:\/\/ultimato.com.br\/sites\/devocional-diaria\/wp-json\/wp\/v2\/posts"}],"about":[{"href":"https:\/\/ultimato.com.br\/sites\/devocional-diaria\/wp-json\/wp\/v2\/types\/post"}],"author":[{"embeddable":true,"href":"https:\/\/ultimato.com.br\/sites\/devocional-diaria\/wp-json\/wp\/v2\/users\/21"}],"replies":[{"embeddable":true,"href":"https:\/\/ultimato.com.br\/sites\/devocional-diaria\/wp-json\/wp\/v2\/comments?post=9544"}],"version-history":[{"count":1,"href":"https:\/\/ultimato.com.br\/sites\/devocional-diaria\/wp-json\/wp\/v2\/posts\/9544\/revisions"}],"predecessor-version":[{"id":9545,"href":"https:\/\/ultimato.com.br\/sites\/devocional-diaria\/wp-json\/wp\/v2\/posts\/9544\/revisions\/9545"}],"wp:featuredmedia":[{"embeddable":true,"href":"https:\/\/ultimato.com.br\/sites\/devocional-diaria\/wp-json\/wp\/v2\/media\/162"}],"wp:attachment":[{"href":"https:\/\/ultimato.com.br\/sites\/devocional-diaria\/wp-json\/wp\/v2\/media?parent=9544"}],"wp:term":[{"taxonomy":"category","embeddable":true,"href":"https:\/\/ultimato.com.br\/sites\/devocional-diaria\/wp-json\/wp\/v2\/categories?post=9544"},{"taxonomy":"post_tag","embeddable":true,"href":"https:\/\/ultimato.com.br\/sites\/devocional-diaria\/wp-json\/wp\/v2\/tags?post=9544"}],"curies":[{"name":"wp","href":"https:\/\/api.w.org\/{rel}","templated":true}]}}