{"id":9540,"date":"2022-04-12T00:00:48","date_gmt":"2022-04-12T02:00:48","guid":{"rendered":"https:\/\/ultimato.com.br\/sites\/devocional-diaria\/?p=9540"},"modified":"2022-03-29T09:54:03","modified_gmt":"2022-03-29T11:54:03","slug":"quem-e","status":"publish","type":"post","link":"https:\/\/ultimato.com.br\/sites\/devocional-diaria\/2022\/04\/12\/autor\/eugene-h-peterson\/quem-e\/","title":{"rendered":"Quem \u00e9?"},"content":{"rendered":"<p>Depois de ter dito essas coisas, Jesus mostrou-se visivelmente aborrecido e, ent\u00e3o, revelou o motivo: \u201cUm de voc\u00eas vai me trair\u201d. Os disc\u00edpulos olharam um para o outro, imaginando de quem ele estava falando. Um dos disc\u00edpulos, aquele que Jesus amava, estava reclinado, com a cabe\u00e7a sobre o ombro dele. Pedro pediu-lhe que perguntasse a Jesus quem era o traidor. Sendo o mais pr\u00f3ximo, ele perguntou: \u201cSenhor, quem?\u201d. Jesus respondeu: \u201cAquele a quem eu der este peda\u00e7o de p\u00e3o, depois de mergulh\u00e1-lo no prato\u201d. Ent\u00e3o, Jesus mergulhou o peda\u00e7o de p\u00e3o e entregou-o a Judas, filho de Sim\u00e3o, o Iscariotes. Assim que ele segurou o peda\u00e7o de p\u00e3o, Satan\u00e1s entrou nele. E Jesus lhe disse: \u201cFa\u00e7a aquilo que voc\u00ea tem de fazer. E seja r\u00e1pido!\u201d [&#8230;] E, sem soltar o peda\u00e7o de p\u00e3o, Judas retirou-se. E era noite. (Jo\u00e3o 13.21-30)<\/p>\n<p>Como uma pessoa que esteve ao lado de Jesus por tanto\u00a0tempo, que conheceu a virtude dele e usufruiu de sua b\u00ean\u00e7\u00e3o,\u00a0p\u00f4de, de caso pensado, conspirar para tra\u00ed-lo de forma\u00a0irracional? Todos, no entanto, que n\u00e3o se enganam sabem\u00a0da pr\u00f3pria capacidade que t\u00eam para toda a gama de pecado.\u00a0Quem era o disc\u00edpulo \u201ca quem ele [Jesus] amava?\u201d<\/p>\n<p>\u201c\u00d3 quebranta-te, \u00f3 quebranta-te, meu duro cora\u00e7\u00e3o! Teu\u00a0fr\u00e1gil amor pr\u00f3prio e orgulho culpado foram o Pilatos e\u00a0o Judas de Jesus: Jesus, nosso Senhor, est\u00e1 crucificado!\u201d*\u00a0Am\u00e9m.<\/p>\n<p>&nbsp;<\/p>\n<p><strong>&gt;&gt; Retirado de\u00a0<a href=\"http:\/\/www.ultimato.com.br\/loja\/produtos\/um-ano-com-jesus\">Um Ano com Jesus<\/a>\u00a0[Eugene H. Peterson]. Editora Ultimato.<\/strong><\/p>\n<p>Ou\u00e7a as nossas devocionais pelo <a href=\"https:\/\/open.spotify.com\/show\/7CG8DL9dgWZEgPzX3rnk51?si=1dbGejI2TQS16eamNjb2rA\">Spotify<\/a>!<\/p>\n","protected":false},"excerpt":{"rendered":"<p>Depois de ter dito essas coisas, Jesus mostrou-se visivelmente aborrecido e, ent\u00e3o, revelou o motivo: \u201cUm de voc\u00eas vai me trair\u201d. Os disc\u00edpulos olharam um para o outro, imaginando de quem ele estava falando. Um dos disc\u00edpulos, aquele que Jesus amava, estava reclinado, com a cabe\u00e7a sobre o ombro dele. Pedro pediu-lhe que perguntasse a [&hellip;]<\/p>\n","protected":false},"author":21,"featured_media":164,"comment_status":"open","ping_status":"open","sticky":false,"template":"","format":"standard","meta":{"ngg_post_thumbnail":0,"footnotes":""},"categories":[17809],"tags":[],"class_list":["post-9540","post","type-post","status-publish","format-standard","has-post-thumbnail","hentry","category-eugene-h-peterson"],"publishpress_future_action":{"enabled":false,"date":"2026-05-04 20:42:56","action":"change-status","newStatus":"draft","terms":[],"taxonomy":"category","extraData":[]},"publishpress_future_workflow_manual_trigger":{"enabledWorkflows":[]},"_links":{"self":[{"href":"https:\/\/ultimato.com.br\/sites\/devocional-diaria\/wp-json\/wp\/v2\/posts\/9540","targetHints":{"allow":["GET"]}}],"collection":[{"href":"https:\/\/ultimato.com.br\/sites\/devocional-diaria\/wp-json\/wp\/v2\/posts"}],"about":[{"href":"https:\/\/ultimato.com.br\/sites\/devocional-diaria\/wp-json\/wp\/v2\/types\/post"}],"author":[{"embeddable":true,"href":"https:\/\/ultimato.com.br\/sites\/devocional-diaria\/wp-json\/wp\/v2\/users\/21"}],"replies":[{"embeddable":true,"href":"https:\/\/ultimato.com.br\/sites\/devocional-diaria\/wp-json\/wp\/v2\/comments?post=9540"}],"version-history":[{"count":1,"href":"https:\/\/ultimato.com.br\/sites\/devocional-diaria\/wp-json\/wp\/v2\/posts\/9540\/revisions"}],"predecessor-version":[{"id":9541,"href":"https:\/\/ultimato.com.br\/sites\/devocional-diaria\/wp-json\/wp\/v2\/posts\/9540\/revisions\/9541"}],"wp:featuredmedia":[{"embeddable":true,"href":"https:\/\/ultimato.com.br\/sites\/devocional-diaria\/wp-json\/wp\/v2\/media\/164"}],"wp:attachment":[{"href":"https:\/\/ultimato.com.br\/sites\/devocional-diaria\/wp-json\/wp\/v2\/media?parent=9540"}],"wp:term":[{"taxonomy":"category","embeddable":true,"href":"https:\/\/ultimato.com.br\/sites\/devocional-diaria\/wp-json\/wp\/v2\/categories?post=9540"},{"taxonomy":"post_tag","embeddable":true,"href":"https:\/\/ultimato.com.br\/sites\/devocional-diaria\/wp-json\/wp\/v2\/tags?post=9540"}],"curies":[{"name":"wp","href":"https:\/\/api.w.org\/{rel}","templated":true}]}}