{"id":9538,"date":"2022-04-11T00:00:30","date_gmt":"2022-04-11T02:00:30","guid":{"rendered":"https:\/\/ultimato.com.br\/sites\/devocional-diaria\/?p=9538"},"modified":"2022-03-29T09:50:17","modified_gmt":"2022-03-29T11:50:17","slug":"a-ceia-do-senhor-4","status":"publish","type":"post","link":"https:\/\/ultimato.com.br\/sites\/devocional-diaria\/2022\/04\/11\/autor\/john-stott\/a-ceia-do-senhor-4\/","title":{"rendered":"A ceia do Senhor"},"content":{"rendered":"<p>Porque, sempre que comerem deste p\u00e3o e beberem deste c\u00e1lice, voc\u00eas anunciam a morte do Senhor at\u00e9 que ele venha. (1 Cor\u00edntios 11.26)<\/p>\n<p>Durante a refei\u00e7\u00e3o no Cen\u00e1culo, Jesus tomou o p\u00e3o e, partindo-o, deu-o aos disc\u00edpulos, dizendo-lhes: \u201cIsto \u00e9 o meu corpo dado em favor de voc\u00eas; fa\u00e7am isto em mem\u00f3ria de mim\u201d (Lc 22.19). Ap\u00f3s a refei\u00e7\u00e3o, tomou o c\u00e1lice de vinho e o deu a eles, dizendo: \u201cEste c\u00e1lice \u00e9 a nova alian\u00e7a no meu sangue, derramado em favor de voc\u00eas\u201d (Lc 22.20). Tais palavras e atos possuem imenso significado, pois nos mostram a vis\u00e3o de Jesus em rela\u00e7\u00e3o \u00e0 sua pr\u00f3pria morte. Tr\u00eas verdades se destacam.<\/p>\n<p>A primeira \u00e9 a centralidade de sua morte. Jesus estava dando instru\u00e7\u00f5es para o seu pr\u00f3prio culto memorial \u2013 eles deveriam comer p\u00e3o e beber vinho \u201cem sua mem\u00f3ria\u201d. Al\u00e9m do mais, o p\u00e3o representaria n\u00e3o somente o corpo vivo de Jesus, como tamb\u00e9m o corpo dado em favor deles, enquanto o vinho representava o seu sangue derramado. Em outras palavras, ambos os elementos apontavam para a morte de Jesus. Era pela sua morte que ele desejava ser lembrado.<\/p>\n<p>A segunda verdade que aprendemos com a Ceia do Senhor diz respeito ao prop\u00f3sito da morte de Jesus. Conforme Mateus, o c\u00e1lice representava \u201cmeu sangue da alian\u00e7a, que \u00e9 derramado em favor de muitos, para perd\u00e3o de pecados\u201d (Mt 26.28). Esta \u00e9 a declara\u00e7\u00e3o verdadeiramente maravilhosa de que, atrav\u00e9s do sangue de Jesus, derramado em sua morte, Deus estabeleceria uma nova alian\u00e7a (Jr 31), cuja maior das promessas era o perd\u00e3o dos pecados.<\/p>\n<p>A terceira verdade ensinada pela Ceia do Senhor \u00e9 concernente \u00e0 nossa necessidade de nos apropriarmos pessoalmente dos benef\u00edcios da morte de Jesus. No drama do cen\u00e1culo os disc\u00edpulos n\u00e3o eram apenas espectadores, mas participantes. Jesus n\u00e3o somente partiu o p\u00e3o, mas deu-lhes para que o comessem. N\u00e3o somente derramou o vinho no c\u00e1lice, como tamb\u00e9m o deu para que eles o bebessem. Da mesma forma, n\u00e3o bastou que Cristo morresse \u2013 temos de nos apossar das b\u00ean\u00e7\u00e3os de sua morte. O ato de \u201ccomer o p\u00e3o e beber o vinho\u201d foi, e ainda \u00e9, uma par\u00e1bola viva do receber a Cristo como nosso Salvador crucificado e de nos alimentarmos dele em nosso cora\u00e7\u00e3o mediante a f\u00e9.<\/p>\n<p>A Santa Ceia, conforme institu\u00edda por Jesus, n\u00e3o foi uma declara\u00e7\u00e3o levemente sentimental do tipo \u201cn\u00e3o me esque\u00e7am\u201d. Antes, foi um drama com grande riqueza de significado espiritual.<\/p>\n<p>Para saber mais: Jeremias 31.31-34<strong>\u00a0<\/strong><\/p>\n<p><strong>\u00a0<\/strong><\/p>\n<p><strong>&gt;&gt; Retirado de\u00a0<a href=\"https:\/\/www.ultimato.com.br\/loja\/produtos\/a-biblia-toda-o-ano-todo-1\">A B\u00edblia Toda, o Ano Todo<\/a>\u00a0[John Stott]. Editora Ultimato.<\/strong><\/p>\n<p>Ou\u00e7a as nossas devocionais pelo <a href=\"https:\/\/open.spotify.com\/show\/7CG8DL9dgWZEgPzX3rnk51?si=1dbGejI2TQS16eamNjb2rA\">Spotify<\/a>!<\/p>\n","protected":false},"excerpt":{"rendered":"<p>Porque, sempre que comerem deste p\u00e3o e beberem deste c\u00e1lice, voc\u00eas anunciam a morte do Senhor at\u00e9 que ele venha. (1 Cor\u00edntios 11.26) Durante a refei\u00e7\u00e3o no Cen\u00e1culo, Jesus tomou o p\u00e3o e, partindo-o, deu-o aos disc\u00edpulos, dizendo-lhes: \u201cIsto \u00e9 o meu corpo dado em favor de voc\u00eas; fa\u00e7am isto em mem\u00f3ria de mim\u201d (Lc [&hellip;]<\/p>\n","protected":false},"author":21,"featured_media":165,"comment_status":"open","ping_status":"open","sticky":false,"template":"","format":"standard","meta":{"ngg_post_thumbnail":0,"footnotes":""},"categories":[5668],"tags":[],"class_list":["post-9538","post","type-post","status-publish","format-standard","has-post-thumbnail","hentry","category-john-stott"],"publishpress_future_action":{"enabled":false,"date":"2026-05-05 09:58:28","action":"change-status","newStatus":"draft","terms":[],"taxonomy":"category","extraData":[]},"publishpress_future_workflow_manual_trigger":{"enabledWorkflows":[]},"_links":{"self":[{"href":"https:\/\/ultimato.com.br\/sites\/devocional-diaria\/wp-json\/wp\/v2\/posts\/9538","targetHints":{"allow":["GET"]}}],"collection":[{"href":"https:\/\/ultimato.com.br\/sites\/devocional-diaria\/wp-json\/wp\/v2\/posts"}],"about":[{"href":"https:\/\/ultimato.com.br\/sites\/devocional-diaria\/wp-json\/wp\/v2\/types\/post"}],"author":[{"embeddable":true,"href":"https:\/\/ultimato.com.br\/sites\/devocional-diaria\/wp-json\/wp\/v2\/users\/21"}],"replies":[{"embeddable":true,"href":"https:\/\/ultimato.com.br\/sites\/devocional-diaria\/wp-json\/wp\/v2\/comments?post=9538"}],"version-history":[{"count":1,"href":"https:\/\/ultimato.com.br\/sites\/devocional-diaria\/wp-json\/wp\/v2\/posts\/9538\/revisions"}],"predecessor-version":[{"id":9539,"href":"https:\/\/ultimato.com.br\/sites\/devocional-diaria\/wp-json\/wp\/v2\/posts\/9538\/revisions\/9539"}],"wp:featuredmedia":[{"embeddable":true,"href":"https:\/\/ultimato.com.br\/sites\/devocional-diaria\/wp-json\/wp\/v2\/media\/165"}],"wp:attachment":[{"href":"https:\/\/ultimato.com.br\/sites\/devocional-diaria\/wp-json\/wp\/v2\/media?parent=9538"}],"wp:term":[{"taxonomy":"category","embeddable":true,"href":"https:\/\/ultimato.com.br\/sites\/devocional-diaria\/wp-json\/wp\/v2\/categories?post=9538"},{"taxonomy":"post_tag","embeddable":true,"href":"https:\/\/ultimato.com.br\/sites\/devocional-diaria\/wp-json\/wp\/v2\/tags?post=9538"}],"curies":[{"name":"wp","href":"https:\/\/api.w.org\/{rel}","templated":true}]}}