{"id":9534,"date":"2022-04-08T00:00:38","date_gmt":"2022-04-08T02:00:38","guid":{"rendered":"https:\/\/ultimato.com.br\/sites\/devocional-diaria\/?p=9534"},"modified":"2022-03-25T12:30:22","modified_gmt":"2022-03-25T14:30:22","slug":"boca-tocada-por-deus","status":"publish","type":"post","link":"https:\/\/ultimato.com.br\/sites\/devocional-diaria\/2022\/04\/08\/autor\/j-i-packer\/boca-tocada-por-deus\/","title":{"rendered":"Boca tocada por Deus"},"content":{"rendered":"<p>O Senhor estendeu a m\u00e3o, tocou a minha boca e disse-me: \u201cAgora ponho em sua boca as minhas palavras\u201d.\u00a0 (Jeremias 1.9)<\/p>\n<p>A primeira li\u00e7\u00e3o que Deus ensinou a Jeremias quando o chamou para ser profeta foi que a palavra de Deus realmente determina os eventos no mundo. \u201cVeja!\u201d disse Deus, \u201cEu hoje dou a voc\u00ea autoridade sobre na\u00e7\u00f5es e reinos, para arrancar, despeda\u00e7ar, arruinar e destruir; para edificar e plantar\u201d (Jr 1.10).<\/p>\n<p>Mas como poderia ser isto? O chamado de Jeremias n\u00e3o era para ser um estadista, mas um profeta, o menino de recados de Deus (1.7). Como pode um homem sem cargo oficial, cuja miss\u00e3o era apenas falar, ser descrito como algu\u00e9m que recebeu de Deus autoridade sobre as na\u00e7\u00f5es? Por qu\u00ea? Simplesmente porque Deus colocou as palavras na boca de Jeremias (v. 9), e qualquer palavra que Deus lhe entregasse para falar sobre o destino das na\u00e7\u00f5es seria cumprida plenamente.<\/p>\n<p>Para estabelecer isto na mente de Jeremias, Deus lhe deu a primeira vis\u00e3o. Ele perguntou: \u201cQue v\u00eas tu, Jeremias?\u201d<\/p>\n<p>\u201cVejo uma vara de amendoeira\u201d, respondeu o profeta.<\/p>\n<p>\u201cViste bem, porque eu velo sobre a minha palavra para a cumprir\u201d (Jr 1.11-12, ARA).<\/p>\n<p>Para escrever: Qual boca (ou escritos) Deus tem usado para traz\u00ea-lo para mais perto dele?<strong>\u00a0<\/strong><\/p>\n<p><strong>\u00a0<\/strong><\/p>\n<p><strong>&gt;&gt; Retirado de\u00a0<\/strong><strong><a href=\"https:\/\/www.ultimato.com.br\/loja\/produtos\/conhecendo-a-deus-ao-longo-do-ano\">Conhecendo a Deus ao Longo do Ano<\/a><\/strong><strong> [J. I. Packer]<\/strong><strong>. Editora Ultimato.<\/strong><\/p>\n<p>Ou\u00e7a as nossas devocionais pelo <a href=\"https:\/\/open.spotify.com\/show\/7CG8DL9dgWZEgPzX3rnk51?si=1dbGejI2TQS16eamNjb2rA\">Spotify<\/a>!<\/p>\n","protected":false},"excerpt":{"rendered":"<p>O Senhor estendeu a m\u00e3o, tocou a minha boca e disse-me: \u201cAgora ponho em sua boca as minhas palavras\u201d.\u00a0 (Jeremias 1.9) A primeira li\u00e7\u00e3o que Deus ensinou a Jeremias quando o chamou para ser profeta foi que a palavra de Deus realmente determina os eventos no mundo. \u201cVeja!\u201d disse Deus, \u201cEu hoje dou a voc\u00ea [&hellip;]<\/p>\n","protected":false},"author":21,"featured_media":161,"comment_status":"open","ping_status":"open","sticky":false,"template":"","format":"standard","meta":{"ngg_post_thumbnail":0,"footnotes":""},"categories":[5655],"tags":[],"class_list":["post-9534","post","type-post","status-publish","format-standard","has-post-thumbnail","hentry","category-j-i-packer"],"publishpress_future_action":{"enabled":false,"date":"2026-05-04 23:17:02","action":"change-status","newStatus":"draft","terms":[],"taxonomy":"category","extraData":[]},"publishpress_future_workflow_manual_trigger":{"enabledWorkflows":[]},"_links":{"self":[{"href":"https:\/\/ultimato.com.br\/sites\/devocional-diaria\/wp-json\/wp\/v2\/posts\/9534","targetHints":{"allow":["GET"]}}],"collection":[{"href":"https:\/\/ultimato.com.br\/sites\/devocional-diaria\/wp-json\/wp\/v2\/posts"}],"about":[{"href":"https:\/\/ultimato.com.br\/sites\/devocional-diaria\/wp-json\/wp\/v2\/types\/post"}],"author":[{"embeddable":true,"href":"https:\/\/ultimato.com.br\/sites\/devocional-diaria\/wp-json\/wp\/v2\/users\/21"}],"replies":[{"embeddable":true,"href":"https:\/\/ultimato.com.br\/sites\/devocional-diaria\/wp-json\/wp\/v2\/comments?post=9534"}],"version-history":[{"count":2,"href":"https:\/\/ultimato.com.br\/sites\/devocional-diaria\/wp-json\/wp\/v2\/posts\/9534\/revisions"}],"predecessor-version":[{"id":9536,"href":"https:\/\/ultimato.com.br\/sites\/devocional-diaria\/wp-json\/wp\/v2\/posts\/9534\/revisions\/9536"}],"wp:featuredmedia":[{"embeddable":true,"href":"https:\/\/ultimato.com.br\/sites\/devocional-diaria\/wp-json\/wp\/v2\/media\/161"}],"wp:attachment":[{"href":"https:\/\/ultimato.com.br\/sites\/devocional-diaria\/wp-json\/wp\/v2\/media?parent=9534"}],"wp:term":[{"taxonomy":"category","embeddable":true,"href":"https:\/\/ultimato.com.br\/sites\/devocional-diaria\/wp-json\/wp\/v2\/categories?post=9534"},{"taxonomy":"post_tag","embeddable":true,"href":"https:\/\/ultimato.com.br\/sites\/devocional-diaria\/wp-json\/wp\/v2\/tags?post=9534"}],"curies":[{"name":"wp","href":"https:\/\/api.w.org\/{rel}","templated":true}]}}