{"id":9532,"date":"2022-04-07T00:00:31","date_gmt":"2022-04-07T02:00:31","guid":{"rendered":"https:\/\/ultimato.com.br\/sites\/devocional-diaria\/?p=9532"},"modified":"2022-03-25T12:29:25","modified_gmt":"2022-03-25T14:29:25","slug":"a-graca-de-jesus-nos-faz-fortes","status":"publish","type":"post","link":"https:\/\/ultimato.com.br\/sites\/devocional-diaria\/2022\/04\/07\/autor\/luiza-nazareth\/a-graca-de-jesus-nos-faz-fortes\/","title":{"rendered":"A gra\u00e7a de Jesus nos faz fortes"},"content":{"rendered":"<p>Portanto, voc\u00ea, meu filho, fortifique-se na gra\u00e7a que h\u00e1 em Cristo Jesus. (2 Tim\u00f3teo 2.1)<\/p>\n<p>\u00c9 quando achamos que n\u00e3o vamos dar conta e entregamos nossos problemas\u00a0e dificuldades nas m\u00e3os de Deus que vemos mais claramente sua a\u00e7\u00e3o\u00a0poderosa na nossa vida. Pode parecer paradoxal, mas, quando nos sentimos\u00a0mais fracos e clamamos a Deus por ajuda, ele nos fortalece com a gra\u00e7a de\u00a0Jesus, e abrimos espa\u00e7o para que ele aja em nossa vida de maneiras que nunca\u00a0poder\u00edamos imaginar.<\/p>\n<p>Deus quer que dependamos dele para tudo. Ele quer nos aben\u00e7oar, quer\u00a0cuidar e nos prover. Ele quer nos fortalecer por meio de seu imenso amor por\u00a0n\u00f3s. Portanto, entregue hoje, nas m\u00e3os de Jesus, aquilo que tem tirado a sua\u00a0paz, confie e descanse nele, e experimente o fortalecimento da sua alma por\u00a0meio da gra\u00e7a imensur\u00e1vel de Jesus.<\/p>\n<p>Jesus, eis aqui os meus problemas. Grandes demais para que eu os resolva sem\u00a0ti. Faze-me forte, pois sou fraca.<strong>\u00a0<\/strong><\/p>\n<p><strong>\u00a0<\/strong><\/p>\n<p><strong>&gt;&gt; Retirado de\u00a0<a href=\"https:\/\/www.ultimato.com.br\/loja\/produtos\/refeicoes-diarias-celebrando-a-reconciliacao\">Refei\u00e7\u00f5es Di\u00e1rias \u2013 Celebrando a Reconcilia\u00e7\u00e3o<\/a>. Editora Ultimato.<\/strong><\/p>\n<p>Ou\u00e7a as nossas devocionais pelo <a href=\"https:\/\/open.spotify.com\/show\/7CG8DL9dgWZEgPzX3rnk51?si=1dbGejI2TQS16eamNjb2rA\">Spotify<\/a>!<\/p>\n","protected":false},"excerpt":{"rendered":"<p>Portanto, voc\u00ea, meu filho, fortifique-se na gra\u00e7a que h\u00e1 em Cristo Jesus. (2 Tim\u00f3teo 2.1) \u00c9 quando achamos que n\u00e3o vamos dar conta e entregamos nossos problemas\u00a0e dificuldades nas m\u00e3os de Deus que vemos mais claramente sua a\u00e7\u00e3o\u00a0poderosa na nossa vida. Pode parecer paradoxal, mas, quando nos sentimos\u00a0mais fracos e clamamos a Deus por ajuda, [&hellip;]<\/p>\n","protected":false},"author":21,"featured_media":162,"comment_status":"open","ping_status":"open","sticky":false,"template":"","format":"standard","meta":{"ngg_post_thumbnail":0,"footnotes":""},"categories":[46045],"tags":[],"class_list":["post-9532","post","type-post","status-publish","format-standard","has-post-thumbnail","hentry","category-luiza-nazareth"],"publishpress_future_action":{"enabled":false,"date":"2026-05-05 00:56:50","action":"change-status","newStatus":"draft","terms":[],"taxonomy":"category","extraData":[]},"publishpress_future_workflow_manual_trigger":{"enabledWorkflows":[]},"_links":{"self":[{"href":"https:\/\/ultimato.com.br\/sites\/devocional-diaria\/wp-json\/wp\/v2\/posts\/9532","targetHints":{"allow":["GET"]}}],"collection":[{"href":"https:\/\/ultimato.com.br\/sites\/devocional-diaria\/wp-json\/wp\/v2\/posts"}],"about":[{"href":"https:\/\/ultimato.com.br\/sites\/devocional-diaria\/wp-json\/wp\/v2\/types\/post"}],"author":[{"embeddable":true,"href":"https:\/\/ultimato.com.br\/sites\/devocional-diaria\/wp-json\/wp\/v2\/users\/21"}],"replies":[{"embeddable":true,"href":"https:\/\/ultimato.com.br\/sites\/devocional-diaria\/wp-json\/wp\/v2\/comments?post=9532"}],"version-history":[{"count":1,"href":"https:\/\/ultimato.com.br\/sites\/devocional-diaria\/wp-json\/wp\/v2\/posts\/9532\/revisions"}],"predecessor-version":[{"id":9533,"href":"https:\/\/ultimato.com.br\/sites\/devocional-diaria\/wp-json\/wp\/v2\/posts\/9532\/revisions\/9533"}],"wp:featuredmedia":[{"embeddable":true,"href":"https:\/\/ultimato.com.br\/sites\/devocional-diaria\/wp-json\/wp\/v2\/media\/162"}],"wp:attachment":[{"href":"https:\/\/ultimato.com.br\/sites\/devocional-diaria\/wp-json\/wp\/v2\/media?parent=9532"}],"wp:term":[{"taxonomy":"category","embeddable":true,"href":"https:\/\/ultimato.com.br\/sites\/devocional-diaria\/wp-json\/wp\/v2\/categories?post=9532"},{"taxonomy":"post_tag","embeddable":true,"href":"https:\/\/ultimato.com.br\/sites\/devocional-diaria\/wp-json\/wp\/v2\/tags?post=9532"}],"curies":[{"name":"wp","href":"https:\/\/api.w.org\/{rel}","templated":true}]}}