{"id":9522,"date":"2022-04-01T00:00:50","date_gmt":"2022-04-01T02:00:50","guid":{"rendered":"https:\/\/ultimato.com.br\/sites\/devocional-diaria\/?p=9522"},"modified":"2022-03-25T12:13:22","modified_gmt":"2022-03-25T14:13:22","slug":"sensivel-ao-sofrimento-humano","status":"publish","type":"post","link":"https:\/\/ultimato.com.br\/sites\/devocional-diaria\/2022\/04\/01\/autor\/elben-cesar\/sensivel-ao-sofrimento-humano\/","title":{"rendered":"Sens\u00edvel ao sofrimento humano"},"content":{"rendered":"<p>Portanto, vamos andar direito e receber o que ele tem para nos dar. Recebam\u00a0a miseric\u00f3rdia, aceitem a ajuda. (Hb 4.16)<\/p>\n<p>Se houve uma pessoa sens\u00edvel ao sofrimento humano, esta pessoa \u00e9 Jesus. Os Evangelhos registram in\u00fameras passagens em que ele se apresenta condo\u00eddo da mis\u00e9ria f\u00edsica, moral e espiritual das gentes de seu tempo (Mt 9.35-38; 14.14; 15.32; 20.34; Lc 7.13).<\/p>\n<p>As palavras mais ternas que ele proferiu foram dirigidas ao sofredor: \u201cVenham a mim todos voc\u00eas que est\u00e3o cansados de carregar suas pesadas cargas e eu lhes darei descanso. Tornem-se meus seguidores e aprendam de mim, porque sou bondoso e humilde de esp\u00edrito; e voc\u00eas encontrar\u00e3o descanso. Os deveres que exijo de voc\u00eas s\u00e3o f\u00e1ceis e a carga de voc\u00eas \u00e9 leve\u201d (Mt 11.28-30).<\/p>\n<p>Ambas as multiplica\u00e7\u00f5es de p\u00e3es e peixes foram realizadas porque Jesus teve pena das multid\u00f5es: elas pareciam ovelhas sem pastor e estavam tamb\u00e9m com fome (Mc 6.34; 8.2).<\/p>\n<p>Jesus era capaz de fazer a gin\u00e1stica quase imposs\u00edvel de reunir simultaneamente\u00a0dois sentimentos geralmente isolados: diz-se que ele ficou <em>indignado\u00a0<\/em>e <em>condo\u00eddo <\/em>com a dureza do cora\u00e7\u00e3o de seus cr\u00edticos, que observavam se ele curaria ou n\u00e3o, em dia de s\u00e1bado, o homem da m\u00e3o aleijada (Mc 3.1-6).<\/p>\n<p>Ele olhou para aquele rapaz rico com amor, a despeito de sua antipatia pessoal (Mc 10.21), e chorou com Maria e Marta (Jo 11.33-36).<\/p>\n<p>\u00c9 por causa desta simpatia de Jesus que muitos est\u00e3o chegando junto ao\u00a0trono divino para receber miseric\u00f3rdia e encontrar ajuda sempre que dela\u00a0precisam (Hb 4.14-16). Em Jesus voc\u00ea pode confiar.<\/p>\n<p>&nbsp;<\/p>\n<p><strong>&gt;&gt; Retirado de\u00a0<a href=\"https:\/\/www.ultimato.com.br\/loja\/produtos\/cuide-das-raizes-espere-pelos-frutos\">Cuide das Ra\u00edzes, Espere pelos Frutos<\/a>, [Elben C\u00e9sar]. Editora Ultimato.<\/strong><\/p>\n<p>Ou\u00e7a as nossas devocionais pelo <a href=\"https:\/\/open.spotify.com\/show\/7CG8DL9dgWZEgPzX3rnk51?si=1dbGejI2TQS16eamNjb2rA\">Spotify<\/a>!<\/p>\n","protected":false},"excerpt":{"rendered":"<p>Portanto, vamos andar direito e receber o que ele tem para nos dar. Recebam\u00a0a miseric\u00f3rdia, aceitem a ajuda. (Hb 4.16) Se houve uma pessoa sens\u00edvel ao sofrimento humano, esta pessoa \u00e9 Jesus. Os Evangelhos registram in\u00fameras passagens em que ele se apresenta condo\u00eddo da mis\u00e9ria f\u00edsica, moral e espiritual das gentes de seu tempo (Mt [&hellip;]<\/p>\n","protected":false},"author":21,"featured_media":161,"comment_status":"open","ping_status":"open","sticky":false,"template":"","format":"standard","meta":{"ngg_post_thumbnail":0,"footnotes":""},"categories":[5478],"tags":[],"class_list":["post-9522","post","type-post","status-publish","format-standard","has-post-thumbnail","hentry","category-elben-cesar"],"publishpress_future_action":{"enabled":false,"date":"2026-05-04 23:36:43","action":"change-status","newStatus":"draft","terms":[],"taxonomy":"category","extraData":[]},"publishpress_future_workflow_manual_trigger":{"enabledWorkflows":[]},"_links":{"self":[{"href":"https:\/\/ultimato.com.br\/sites\/devocional-diaria\/wp-json\/wp\/v2\/posts\/9522","targetHints":{"allow":["GET"]}}],"collection":[{"href":"https:\/\/ultimato.com.br\/sites\/devocional-diaria\/wp-json\/wp\/v2\/posts"}],"about":[{"href":"https:\/\/ultimato.com.br\/sites\/devocional-diaria\/wp-json\/wp\/v2\/types\/post"}],"author":[{"embeddable":true,"href":"https:\/\/ultimato.com.br\/sites\/devocional-diaria\/wp-json\/wp\/v2\/users\/21"}],"replies":[{"embeddable":true,"href":"https:\/\/ultimato.com.br\/sites\/devocional-diaria\/wp-json\/wp\/v2\/comments?post=9522"}],"version-history":[{"count":1,"href":"https:\/\/ultimato.com.br\/sites\/devocional-diaria\/wp-json\/wp\/v2\/posts\/9522\/revisions"}],"predecessor-version":[{"id":9523,"href":"https:\/\/ultimato.com.br\/sites\/devocional-diaria\/wp-json\/wp\/v2\/posts\/9522\/revisions\/9523"}],"wp:featuredmedia":[{"embeddable":true,"href":"https:\/\/ultimato.com.br\/sites\/devocional-diaria\/wp-json\/wp\/v2\/media\/161"}],"wp:attachment":[{"href":"https:\/\/ultimato.com.br\/sites\/devocional-diaria\/wp-json\/wp\/v2\/media?parent=9522"}],"wp:term":[{"taxonomy":"category","embeddable":true,"href":"https:\/\/ultimato.com.br\/sites\/devocional-diaria\/wp-json\/wp\/v2\/categories?post=9522"},{"taxonomy":"post_tag","embeddable":true,"href":"https:\/\/ultimato.com.br\/sites\/devocional-diaria\/wp-json\/wp\/v2\/tags?post=9522"}],"curies":[{"name":"wp","href":"https:\/\/api.w.org\/{rel}","templated":true}]}}