{"id":9519,"date":"2022-03-31T00:00:34","date_gmt":"2022-03-31T02:00:34","guid":{"rendered":"https:\/\/ultimato.com.br\/sites\/devocional-diaria\/?p=9519"},"modified":"2022-03-17T12:13:23","modified_gmt":"2022-03-17T14:13:23","slug":"eu-sou-a-porta-2","status":"publish","type":"post","link":"https:\/\/ultimato.com.br\/sites\/devocional-diaria\/2022\/03\/31\/autor\/eugene-h-peterson\/eu-sou-a-porta-2\/","title":{"rendered":"Eu sou a porta"},"content":{"rendered":"<p>Ent\u00e3o, tentou de novo: \u201cVou ser expl\u00edcito, ent\u00e3o. Eu sou a Porta\u00a0para as ovelhas. Os outros s\u00e3o de m\u00e1 \u00edndole \u2013 ladr\u00f5es de ovelhas,\u00a0todos eles. Mas as ovelhas n\u00e3o os ouvem. Eu sou a Porta. Quem\u00a0passar por mim ser\u00e1 bem cuidado \u2013 entrar\u00e1 e sair\u00e1 e encontrar\u00e1\u00a0pastagem\u201d<em>. <\/em>(Jo\u00e3o 10.7-9)<\/p>\n<p>Jesus \u00e9 uma passagem. Seguindo para um lado, ele nos\u00a0leva ao mundo externo da cria\u00e7\u00e3o, as realidades vis\u00edveis de\u00a0todas as coisas feitas com amor e com prop\u00f3sito. Seguindo\u00a0para o outro, ele nos leva ao mundo interior da reden\u00e7\u00e3o, as\u00a0realidades invis\u00edveis da gra\u00e7a e da miseric\u00f3rdia que mant\u00eam\u00a0todas as coisas unidas.\u00a0Quais s\u00e3o algumas das outras fun\u00e7\u00f5es de uma porta?<\/p>\n<p>Por teu interm\u00e9dio, Senhor Jesus Cristo, encontro meu\u00a0caminho para entrar em uma grande cria\u00e7\u00e3o na qual tudo\u00a0\u00e9 prova da majestade do Pai e encontro meu caminho para\u00a0a palavra na qual tudo \u00e9 sustentado e vivo pelo Esp\u00edrito.\u00a0Obrigado pelo acesso claro e f\u00e1cil aos dois lados. Am\u00e9m.<\/p>\n<p>&nbsp;<\/p>\n<p><strong>&gt;&gt; Retirado de\u00a0<a href=\"http:\/\/www.ultimato.com.br\/loja\/produtos\/um-ano-com-jesus\">Um Ano com Jesus<\/a>\u00a0[Eugene H. Peterson]. Editora Ultimato.<\/strong><\/p>\n<p>Ou\u00e7a as nossas devocionais pelo <a href=\"https:\/\/open.spotify.com\/show\/7CG8DL9dgWZEgPzX3rnk51?si=1dbGejI2TQS16eamNjb2rA\">Spotify<\/a>!<\/p>\n","protected":false},"excerpt":{"rendered":"<p>Ent\u00e3o, tentou de novo: \u201cVou ser expl\u00edcito, ent\u00e3o. Eu sou a Porta\u00a0para as ovelhas. Os outros s\u00e3o de m\u00e1 \u00edndole \u2013 ladr\u00f5es de ovelhas,\u00a0todos eles. Mas as ovelhas n\u00e3o os ouvem. Eu sou a Porta. Quem\u00a0passar por mim ser\u00e1 bem cuidado \u2013 entrar\u00e1 e sair\u00e1 e encontrar\u00e1\u00a0pastagem\u201d. (Jo\u00e3o 10.7-9) Jesus \u00e9 uma passagem. Seguindo para [&hellip;]<\/p>\n","protected":false},"author":21,"featured_media":162,"comment_status":"open","ping_status":"open","sticky":false,"template":"","format":"standard","meta":{"ngg_post_thumbnail":0,"footnotes":""},"categories":[17809],"tags":[],"class_list":["post-9519","post","type-post","status-publish","format-standard","has-post-thumbnail","hentry","category-eugene-h-peterson"],"publishpress_future_action":{"enabled":false,"date":"2026-05-04 22:14:08","action":"change-status","newStatus":"draft","terms":[],"taxonomy":"category","extraData":[]},"publishpress_future_workflow_manual_trigger":{"enabledWorkflows":[]},"_links":{"self":[{"href":"https:\/\/ultimato.com.br\/sites\/devocional-diaria\/wp-json\/wp\/v2\/posts\/9519","targetHints":{"allow":["GET"]}}],"collection":[{"href":"https:\/\/ultimato.com.br\/sites\/devocional-diaria\/wp-json\/wp\/v2\/posts"}],"about":[{"href":"https:\/\/ultimato.com.br\/sites\/devocional-diaria\/wp-json\/wp\/v2\/types\/post"}],"author":[{"embeddable":true,"href":"https:\/\/ultimato.com.br\/sites\/devocional-diaria\/wp-json\/wp\/v2\/users\/21"}],"replies":[{"embeddable":true,"href":"https:\/\/ultimato.com.br\/sites\/devocional-diaria\/wp-json\/wp\/v2\/comments?post=9519"}],"version-history":[{"count":1,"href":"https:\/\/ultimato.com.br\/sites\/devocional-diaria\/wp-json\/wp\/v2\/posts\/9519\/revisions"}],"predecessor-version":[{"id":9520,"href":"https:\/\/ultimato.com.br\/sites\/devocional-diaria\/wp-json\/wp\/v2\/posts\/9519\/revisions\/9520"}],"wp:featuredmedia":[{"embeddable":true,"href":"https:\/\/ultimato.com.br\/sites\/devocional-diaria\/wp-json\/wp\/v2\/media\/162"}],"wp:attachment":[{"href":"https:\/\/ultimato.com.br\/sites\/devocional-diaria\/wp-json\/wp\/v2\/media?parent=9519"}],"wp:term":[{"taxonomy":"category","embeddable":true,"href":"https:\/\/ultimato.com.br\/sites\/devocional-diaria\/wp-json\/wp\/v2\/categories?post=9519"},{"taxonomy":"post_tag","embeddable":true,"href":"https:\/\/ultimato.com.br\/sites\/devocional-diaria\/wp-json\/wp\/v2\/tags?post=9519"}],"curies":[{"name":"wp","href":"https:\/\/api.w.org\/{rel}","templated":true}]}}