{"id":9517,"date":"2022-03-30T00:00:11","date_gmt":"2022-03-30T02:00:11","guid":{"rendered":"https:\/\/ultimato.com.br\/sites\/devocional-diaria\/?p=9517"},"modified":"2022-03-17T11:54:55","modified_gmt":"2022-03-17T13:54:55","slug":"batalha-por-esperanca","status":"publish","type":"post","link":"https:\/\/ultimato.com.br\/sites\/devocional-diaria\/2022\/03\/30\/autor\/j-i-packer\/batalha-por-esperanca\/","title":{"rendered":"Batalha por esperan\u00e7a"},"content":{"rendered":"<p>Bendito seja o Deus e Pai de nosso Senhor Jesus Cristo! Conforme a sua grande miseric\u00f3rdia, ele nos regenerou para uma esperan\u00e7a viva, por meio da ressurrei\u00e7\u00e3o de Jesus Cristo dentre os mortos. (1 Pedro 1.3)<\/p>\n<p>A esperan\u00e7a \u00e9 como uma planta fr\u00e1gil, que se pode esmagar ou destruir facilmente. Todo crist\u00e3o pode experi\u00admentar momentos de decep\u00e7\u00e3o e frustra\u00e7\u00e3o, quando dizemos e sentimos que n\u00e3o h\u00e1 esperan\u00e7a.<\/p>\n<p>Os discursos de J\u00f3, quando se sentou sobre as cinzas, doente, confuso, ferido na mente e no corpo, expressa a morte da esperan\u00e7a em termos cl\u00e1ssicos: \u201cQuem poder\u00e1 ver alguma esperan\u00e7a para mim?\u201d (J\u00f3 17.15). J\u00f3, embora no final tenha sido restabelecido em sa\u00fade e riqueza (42.10), n\u00e3o poderia ter outro motivo para esperar em Deus a n\u00e3o ser a mensagem: \u201cConfie em mim para saber o que estou fazendo\u201d.<\/p>\n<p>Mas os crist\u00e3os sabem mais do que J\u00f3 poderia saber, e Pedro coloca diante de n\u00f3s recursos para reavivar a esperan\u00e7a em nosso cora\u00e7\u00e3o sempre que estivermos amea\u00e7ados: \u201cBen\u00addito seja o Deus e Pai de nosso Senhor Jesus Cristo! Conforme a sua grande miseric\u00f3rdia, ele nos regenerou para uma espe\u00adran\u00e7a viva\u201d (1Pe 1.3).<\/p>\n<p>Para refletir: Em quais situa\u00e7\u00f5es voc\u00ea tem de lutar para manter a esperan\u00e7a? Como voc\u00ea enfrenta estas batalhas?<\/p>\n<p><strong>\u00a0<\/strong><\/p>\n<p><strong>&gt;&gt; Retirado de\u00a0<\/strong><strong><a href=\"https:\/\/www.ultimato.com.br\/loja\/produtos\/conhecendo-a-deus-ao-longo-do-ano\">Conhecendo a Deus ao Longo do Ano<\/a><\/strong><strong> [J. I. Packer]<\/strong><strong>. Editora Ultimato.<\/strong><\/p>\n<p>Ou\u00e7a as nossas devocionais pelo <a href=\"https:\/\/open.spotify.com\/show\/7CG8DL9dgWZEgPzX3rnk51?si=1dbGejI2TQS16eamNjb2rA\">Spotify<\/a>!<\/p>\n","protected":false},"excerpt":{"rendered":"<p>Bendito seja o Deus e Pai de nosso Senhor Jesus Cristo! Conforme a sua grande miseric\u00f3rdia, ele nos regenerou para uma esperan\u00e7a viva, por meio da ressurrei\u00e7\u00e3o de Jesus Cristo dentre os mortos. (1 Pedro 1.3) A esperan\u00e7a \u00e9 como uma planta fr\u00e1gil, que se pode esmagar ou destruir facilmente. Todo crist\u00e3o pode experi\u00admentar momentos [&hellip;]<\/p>\n","protected":false},"author":21,"featured_media":163,"comment_status":"open","ping_status":"open","sticky":false,"template":"","format":"standard","meta":{"ngg_post_thumbnail":0,"footnotes":""},"categories":[5655],"tags":[],"class_list":["post-9517","post","type-post","status-publish","format-standard","has-post-thumbnail","hentry","category-j-i-packer"],"publishpress_future_action":{"enabled":false,"date":"2026-05-04 23:17:28","action":"change-status","newStatus":"draft","terms":[],"taxonomy":"category","extraData":[]},"publishpress_future_workflow_manual_trigger":{"enabledWorkflows":[]},"_links":{"self":[{"href":"https:\/\/ultimato.com.br\/sites\/devocional-diaria\/wp-json\/wp\/v2\/posts\/9517","targetHints":{"allow":["GET"]}}],"collection":[{"href":"https:\/\/ultimato.com.br\/sites\/devocional-diaria\/wp-json\/wp\/v2\/posts"}],"about":[{"href":"https:\/\/ultimato.com.br\/sites\/devocional-diaria\/wp-json\/wp\/v2\/types\/post"}],"author":[{"embeddable":true,"href":"https:\/\/ultimato.com.br\/sites\/devocional-diaria\/wp-json\/wp\/v2\/users\/21"}],"replies":[{"embeddable":true,"href":"https:\/\/ultimato.com.br\/sites\/devocional-diaria\/wp-json\/wp\/v2\/comments?post=9517"}],"version-history":[{"count":1,"href":"https:\/\/ultimato.com.br\/sites\/devocional-diaria\/wp-json\/wp\/v2\/posts\/9517\/revisions"}],"predecessor-version":[{"id":9518,"href":"https:\/\/ultimato.com.br\/sites\/devocional-diaria\/wp-json\/wp\/v2\/posts\/9517\/revisions\/9518"}],"wp:featuredmedia":[{"embeddable":true,"href":"https:\/\/ultimato.com.br\/sites\/devocional-diaria\/wp-json\/wp\/v2\/media\/163"}],"wp:attachment":[{"href":"https:\/\/ultimato.com.br\/sites\/devocional-diaria\/wp-json\/wp\/v2\/media?parent=9517"}],"wp:term":[{"taxonomy":"category","embeddable":true,"href":"https:\/\/ultimato.com.br\/sites\/devocional-diaria\/wp-json\/wp\/v2\/categories?post=9517"},{"taxonomy":"post_tag","embeddable":true,"href":"https:\/\/ultimato.com.br\/sites\/devocional-diaria\/wp-json\/wp\/v2\/tags?post=9517"}],"curies":[{"name":"wp","href":"https:\/\/api.w.org\/{rel}","templated":true}]}}