{"id":9515,"date":"2022-03-29T00:00:19","date_gmt":"2022-03-29T02:00:19","guid":{"rendered":"https:\/\/ultimato.com.br\/sites\/devocional-diaria\/?p=9515"},"modified":"2022-03-17T11:50:33","modified_gmt":"2022-03-17T13:50:33","slug":"perdao-nunca-mais","status":"publish","type":"post","link":"https:\/\/ultimato.com.br\/sites\/devocional-diaria\/2022\/03\/29\/autor\/elben-cesar\/perdao-nunca-mais\/","title":{"rendered":"Perd\u00e3o nunca mais\u00a0"},"content":{"rendered":"<p>Estejam os seus pecados sempre perante o Senhor, e na terra\u00a0ningu\u00e9m jamais se lembre da sua fam\u00edlia. (Sl 109.15.)<\/p>\n<p>Qual \u00e9 o pior mal que pode acometer uma pessoa? Ficar sem p\u00e3o e\u00a0sem \u00e1gua? Perder todos os bens? Ter o nome difamado? Perder a vida?<\/p>\n<p>Em sua indigna\u00e7\u00e3o contra os seus inimigos, o salmista amaldi\u00e7oa: \u201cQue\u00a0o Senhor se lembre da iniquidade dos seus antepassados, e n\u00e3o se apague o\u00a0pecado de sua m\u00e3e. Estejam os seus pecados sempre perante o Senhor\u201d\u00a0(Sl 109.14,15).<\/p>\n<p>Davi est\u00e1 desejando aos seus algozes o pior de todos os males, aqueles\u00a0contra os quais ele sempre lutou. Horrorizado com o seu pecado de adult\u00e9rio\u00a0e de assassinato, duas vezes havia pedido a Deus: \u201cApaga as minhas transgress\u00f5es\u201d;\u00a0\u201cApaga todas as minhas iniquidades\u201d (Sl 51.1, 9). Preocupado com\u00a0seus pecados do passado, Davi havia suplicado: \u201cN\u00e3o te lembres dos pecados\u00a0e transgress\u00f5es da minha juventude\u201d (Sl 25.7). Num poema de a\u00e7\u00e3o de gra\u00e7as,\u00a0Davi agradece porque \u201ccomo o Oriente est\u00e1 longe do Ocidente, assim o\u00a0Senhor afasta de n\u00f3s as nossas transgress\u00f5es\u201d (Sl 103.12).<\/p>\n<p>Depois de pedir para Deus apagar, esquecer e afastar as suas transgress\u00f5es,\u00a0o poeta pede o contr\u00e1rio: que Deus n\u00e3o apague, n\u00e3o esque\u00e7a e n\u00e3o afaste as\u00a0transgress\u00f5es dos homens \u00edmpios e falsos que dizem cal\u00fanias contra ele. Esse\u00a0salmo tem um car\u00e1ter prof\u00e9tico, por causa da poss\u00edvel refer\u00eancia a Judas:\u00a0\u201cSeja a sua vida curta, e outro ocupe o seu lugar\u201d (Sl 109.8). Pedro entendeu\u00a0que essa passagem se referia ao ap\u00f3stolo traidor e a usou para justificar a\u00a0elei\u00e7\u00e3o de um substituto para Judas (At 1.20).\u00a0<strong>\u00a0<\/strong><\/p>\n<p><strong>\u00a0<\/strong><\/p>\n<p><strong>&gt;&gt; Retirado de\u00a0<a href=\"http:\/\/www.ultimato.com.br\/loja\/produtos\/refeicoes-diarias-com-o-sabor-dos-salmos\">Refei\u00e7\u00f5es Di\u00e1rias com o Sabor dos Salmos<\/a> [Elben C\u00e9sar]. Editora Ultimato.<\/strong><strong>\u00a0<\/strong><\/p>\n<p>Ou\u00e7a as nossas devocionais pelo <a href=\"https:\/\/open.spotify.com\/show\/7CG8DL9dgWZEgPzX3rnk51?si=1dbGejI2TQS16eamNjb2rA\">Spotify<\/a>!<\/p>\n","protected":false},"excerpt":{"rendered":"<p>Estejam os seus pecados sempre perante o Senhor, e na terra\u00a0ningu\u00e9m jamais se lembre da sua fam\u00edlia. (Sl 109.15.) Qual \u00e9 o pior mal que pode acometer uma pessoa? Ficar sem p\u00e3o e\u00a0sem \u00e1gua? Perder todos os bens? Ter o nome difamado? Perder a vida? Em sua indigna\u00e7\u00e3o contra os seus inimigos, o salmista amaldi\u00e7oa: [&hellip;]<\/p>\n","protected":false},"author":21,"featured_media":164,"comment_status":"open","ping_status":"open","sticky":false,"template":"","format":"standard","meta":{"ngg_post_thumbnail":0,"footnotes":""},"categories":[5478],"tags":[],"class_list":["post-9515","post","type-post","status-publish","format-standard","has-post-thumbnail","hentry","category-elben-cesar"],"publishpress_future_action":{"enabled":false,"date":"2026-05-05 00:58:23","action":"change-status","newStatus":"draft","terms":[],"taxonomy":"category","extraData":[]},"publishpress_future_workflow_manual_trigger":{"enabledWorkflows":[]},"_links":{"self":[{"href":"https:\/\/ultimato.com.br\/sites\/devocional-diaria\/wp-json\/wp\/v2\/posts\/9515","targetHints":{"allow":["GET"]}}],"collection":[{"href":"https:\/\/ultimato.com.br\/sites\/devocional-diaria\/wp-json\/wp\/v2\/posts"}],"about":[{"href":"https:\/\/ultimato.com.br\/sites\/devocional-diaria\/wp-json\/wp\/v2\/types\/post"}],"author":[{"embeddable":true,"href":"https:\/\/ultimato.com.br\/sites\/devocional-diaria\/wp-json\/wp\/v2\/users\/21"}],"replies":[{"embeddable":true,"href":"https:\/\/ultimato.com.br\/sites\/devocional-diaria\/wp-json\/wp\/v2\/comments?post=9515"}],"version-history":[{"count":1,"href":"https:\/\/ultimato.com.br\/sites\/devocional-diaria\/wp-json\/wp\/v2\/posts\/9515\/revisions"}],"predecessor-version":[{"id":9516,"href":"https:\/\/ultimato.com.br\/sites\/devocional-diaria\/wp-json\/wp\/v2\/posts\/9515\/revisions\/9516"}],"wp:featuredmedia":[{"embeddable":true,"href":"https:\/\/ultimato.com.br\/sites\/devocional-diaria\/wp-json\/wp\/v2\/media\/164"}],"wp:attachment":[{"href":"https:\/\/ultimato.com.br\/sites\/devocional-diaria\/wp-json\/wp\/v2\/media?parent=9515"}],"wp:term":[{"taxonomy":"category","embeddable":true,"href":"https:\/\/ultimato.com.br\/sites\/devocional-diaria\/wp-json\/wp\/v2\/categories?post=9515"},{"taxonomy":"post_tag","embeddable":true,"href":"https:\/\/ultimato.com.br\/sites\/devocional-diaria\/wp-json\/wp\/v2\/tags?post=9515"}],"curies":[{"name":"wp","href":"https:\/\/api.w.org\/{rel}","templated":true}]}}