{"id":9513,"date":"2022-11-27T00:00:13","date_gmt":"2022-11-27T02:00:13","guid":{"rendered":"https:\/\/ultimato.com.br\/sites\/devocional-diaria\/?p=9513"},"modified":"2022-11-25T14:55:53","modified_gmt":"2022-11-25T16:55:53","slug":"amar-olhar-reconectar","status":"publish","type":"post","link":"https:\/\/ultimato.com.br\/sites\/devocional-diaria\/2022\/11\/27\/autor\/karen-bomilcar\/amar-olhar-reconectar\/","title":{"rendered":"Amar, olhar, reconectar"},"content":{"rendered":"<p>Visto que voc\u00ea \u00e9 precioso e honrado aos meus olhos, e porque eu o amo, darei homens em seu lugar, e na\u00e7\u00f5es em troca de sua vida. (Isa\u00edas 43.4)<\/p>\n<p>Palavras v\u00eam acompanhadas de olhares. Nem sempre o que se diz corresponde\u00a0ao olhar que acompanha as palavras. A maneira como olhamos para a\u00a0fam\u00edlia, amigos e demais pessoas ao nosso redor \u00e9 algo importante que passa\u00a0despercebido nas muitas intera\u00e7\u00f5es do dia a dia. N\u00e3o percebemos porque nos\u00a0habituamos a n\u00e3o nos importar em ler na express\u00e3o do outro a rea\u00e7\u00e3o dele\u00a0ao nosso olhar. Mas conseguimos sentir a maneira como os outros olham\u00a0para n\u00f3s.<\/p>\n<p>Admira\u00e7\u00e3o, desprezo, amor, indiferen\u00e7a. Todo olhar suscita um sentimento,\u00a0uma rea\u00e7\u00e3o. Lembre-se disso nas suas pr\u00f3ximas intera\u00e7\u00f5es. Sensibilidade no\u00a0olhar. Um olhar de amor e vida quando se encontra um olhar de tristeza faz o\u00a0outro lembrar-se da esperan\u00e7a e presenteia com coragem para um caminho\u00a0de possibilidades. Um olhar de indiferen\u00e7a e descren\u00e7a pode fechar muitas\u00a0portas e causar novas \u201cpequenas mortes\u201d.<\/p>\n<p>Quanta vida brota de um olhar que comunica: \u201cEu amo voc\u00ea e acredito\u00a0em voc\u00ea. Mesmo conhecendo suas limita\u00e7\u00f5es, aprendi com Deus sobre as\u00a0novas possibilidades. Porque, como ser humano, eu tamb\u00e9m experimento\u00a0estas limita\u00e7\u00f5es e possibilidades\u201d. Jesus, a quem seguimos e amamos, lan\u00e7a\u00a0um olhar de vida sobre a morte e leva as pessoas a uma ressurrei\u00e7\u00e3o interior.\u00a0O olhar de amor precede a\u00e7\u00f5es e rea\u00e7\u00f5es de restaura\u00e7\u00e3o.<\/p>\n<p>Pai amado, que n\u00f3s que dizemos ser seus seguidores tenhamos um olhar de amor,\u00a0multiplicando a realidade de vida plena em cada intera\u00e7\u00e3o em nosso cotidiano.<strong>\u00a0<\/strong><\/p>\n<p><strong>\u00a0<\/strong><\/p>\n<p><strong>&gt;&gt; Retirado de\u00a0<a href=\"https:\/\/www.ultimato.com.br\/loja\/produtos\/refeicoes-diarias-celebrando-a-reconciliacao\">Refei\u00e7\u00f5es Di\u00e1rias \u2013 Celebrando a Reconcilia\u00e7\u00e3o<\/a>. Editora Ultimato.<\/strong><\/p>\n<p>Ou\u00e7a as nossas devocionais pelo <a href=\"https:\/\/open.spotify.com\/show\/7CG8DL9dgWZEgPzX3rnk51?si=1dbGejI2TQS16eamNjb2rA\">Spotify<\/a>!<\/p>\n","protected":false},"excerpt":{"rendered":"<p>Visto que voc\u00ea \u00e9 precioso e honrado aos meus olhos, e porque eu o amo, darei homens em seu lugar, e na\u00e7\u00f5es em troca de sua vida. (Isa\u00edas 43.4) Palavras v\u00eam acompanhadas de olhares. Nem sempre o que se diz corresponde\u00a0ao olhar que acompanha as palavras. A maneira como olhamos para a\u00a0fam\u00edlia, amigos e demais [&hellip;]<\/p>\n","protected":false},"author":21,"featured_media":166,"comment_status":"open","ping_status":"open","sticky":false,"template":"","format":"standard","meta":{"ngg_post_thumbnail":0,"footnotes":""},"categories":[46043],"tags":[],"class_list":["post-9513","post","type-post","status-publish","format-standard","has-post-thumbnail","hentry","category-karen-bomilcar"],"publishpress_future_action":{"enabled":false,"date":"2026-05-02 06:04:22","action":"change-status","newStatus":"draft","terms":[],"taxonomy":"category","extraData":[]},"publishpress_future_workflow_manual_trigger":{"enabledWorkflows":[]},"_links":{"self":[{"href":"https:\/\/ultimato.com.br\/sites\/devocional-diaria\/wp-json\/wp\/v2\/posts\/9513","targetHints":{"allow":["GET"]}}],"collection":[{"href":"https:\/\/ultimato.com.br\/sites\/devocional-diaria\/wp-json\/wp\/v2\/posts"}],"about":[{"href":"https:\/\/ultimato.com.br\/sites\/devocional-diaria\/wp-json\/wp\/v2\/types\/post"}],"author":[{"embeddable":true,"href":"https:\/\/ultimato.com.br\/sites\/devocional-diaria\/wp-json\/wp\/v2\/users\/21"}],"replies":[{"embeddable":true,"href":"https:\/\/ultimato.com.br\/sites\/devocional-diaria\/wp-json\/wp\/v2\/comments?post=9513"}],"version-history":[{"count":1,"href":"https:\/\/ultimato.com.br\/sites\/devocional-diaria\/wp-json\/wp\/v2\/posts\/9513\/revisions"}],"predecessor-version":[{"id":9514,"href":"https:\/\/ultimato.com.br\/sites\/devocional-diaria\/wp-json\/wp\/v2\/posts\/9513\/revisions\/9514"}],"wp:featuredmedia":[{"embeddable":true,"href":"https:\/\/ultimato.com.br\/sites\/devocional-diaria\/wp-json\/wp\/v2\/media\/166"}],"wp:attachment":[{"href":"https:\/\/ultimato.com.br\/sites\/devocional-diaria\/wp-json\/wp\/v2\/media?parent=9513"}],"wp:term":[{"taxonomy":"category","embeddable":true,"href":"https:\/\/ultimato.com.br\/sites\/devocional-diaria\/wp-json\/wp\/v2\/categories?post=9513"},{"taxonomy":"post_tag","embeddable":true,"href":"https:\/\/ultimato.com.br\/sites\/devocional-diaria\/wp-json\/wp\/v2\/tags?post=9513"}],"curies":[{"name":"wp","href":"https:\/\/api.w.org\/{rel}","templated":true}]}}