{"id":9504,"date":"2022-03-24T00:00:03","date_gmt":"2022-03-24T02:00:03","guid":{"rendered":"https:\/\/ultimato.com.br\/sites\/devocional-diaria\/?p=9504"},"modified":"2022-03-11T10:20:40","modified_gmt":"2022-03-11T12:20:40","slug":"tenham-uma-vida-abencoada-2","status":"publish","type":"post","link":"https:\/\/ultimato.com.br\/sites\/devocional-diaria\/2022\/03\/24\/autor\/eugene-h-peterson\/tenham-uma-vida-abencoada-2\/","title":{"rendered":"Tenham uma vida aben\u00e7oada"},"content":{"rendered":"<p>Estou apenas destacando o \u00f3bvio. O empregado n\u00e3o est\u00e1 acima do patr\u00e3o; o empregado n\u00e3o d\u00e1 ordens ao seu empregador. Se voc\u00eas entendem o que estou dizendo, fa\u00e7am o que digo \u2013 e vivam uma vida aben\u00e7oada. (Jo\u00e3o 13.16-17)<\/p>\n<p>Conhecimento n\u00e3o \u00e9 suficiente. O entendimento deve ser aperfei\u00e7oado pela obedi\u00eancia. O que a mente sabe e o cora\u00e7\u00e3o sente deve ser coordenado com o que as m\u00e3os fazem e o destino que os p\u00e9s seguem. Como voc\u00ea expressa sua f\u00e9 em a\u00e7\u00e3o?<\/p>\n<p>Servo Cristo, tu me mostras como servir; tu me ordenas\u00a0servir; tu me aben\u00e7oas enquanto sirvo. Eu te louvo pelo\u00a0modo como serves, pela alegria e gl\u00f3ria desse servi\u00e7o.\u00a0Am\u00e9m.<\/p>\n<p>&nbsp;<\/p>\n<p><strong>&gt;&gt; Retirado de\u00a0<a href=\"http:\/\/www.ultimato.com.br\/loja\/produtos\/um-ano-com-jesus\">Um Ano com Jesus<\/a>\u00a0[Eugene H. Peterson]. Editora Ultimato.<\/strong><\/p>\n<p>Ou\u00e7a as nossas devocionais pelo <a href=\"https:\/\/open.spotify.com\/show\/7CG8DL9dgWZEgPzX3rnk51?si=1dbGejI2TQS16eamNjb2rA\">Spotify<\/a>!<\/p>\n","protected":false},"excerpt":{"rendered":"<p>Estou apenas destacando o \u00f3bvio. O empregado n\u00e3o est\u00e1 acima do patr\u00e3o; o empregado n\u00e3o d\u00e1 ordens ao seu empregador. Se voc\u00eas entendem o que estou dizendo, fa\u00e7am o que digo \u2013 e vivam uma vida aben\u00e7oada. (Jo\u00e3o 13.16-17) Conhecimento n\u00e3o \u00e9 suficiente. O entendimento deve ser aperfei\u00e7oado pela obedi\u00eancia. O que a mente sabe [&hellip;]<\/p>\n","protected":false},"author":21,"featured_media":162,"comment_status":"open","ping_status":"open","sticky":false,"template":"","format":"standard","meta":{"ngg_post_thumbnail":0,"footnotes":""},"categories":[17809],"tags":[],"class_list":["post-9504","post","type-post","status-publish","format-standard","has-post-thumbnail","hentry","category-eugene-h-peterson"],"publishpress_future_action":{"enabled":false,"date":"2026-05-04 22:12:52","action":"change-status","newStatus":"draft","terms":[],"taxonomy":"category","extraData":[]},"publishpress_future_workflow_manual_trigger":{"enabledWorkflows":[]},"_links":{"self":[{"href":"https:\/\/ultimato.com.br\/sites\/devocional-diaria\/wp-json\/wp\/v2\/posts\/9504","targetHints":{"allow":["GET"]}}],"collection":[{"href":"https:\/\/ultimato.com.br\/sites\/devocional-diaria\/wp-json\/wp\/v2\/posts"}],"about":[{"href":"https:\/\/ultimato.com.br\/sites\/devocional-diaria\/wp-json\/wp\/v2\/types\/post"}],"author":[{"embeddable":true,"href":"https:\/\/ultimato.com.br\/sites\/devocional-diaria\/wp-json\/wp\/v2\/users\/21"}],"replies":[{"embeddable":true,"href":"https:\/\/ultimato.com.br\/sites\/devocional-diaria\/wp-json\/wp\/v2\/comments?post=9504"}],"version-history":[{"count":1,"href":"https:\/\/ultimato.com.br\/sites\/devocional-diaria\/wp-json\/wp\/v2\/posts\/9504\/revisions"}],"predecessor-version":[{"id":9505,"href":"https:\/\/ultimato.com.br\/sites\/devocional-diaria\/wp-json\/wp\/v2\/posts\/9504\/revisions\/9505"}],"wp:featuredmedia":[{"embeddable":true,"href":"https:\/\/ultimato.com.br\/sites\/devocional-diaria\/wp-json\/wp\/v2\/media\/162"}],"wp:attachment":[{"href":"https:\/\/ultimato.com.br\/sites\/devocional-diaria\/wp-json\/wp\/v2\/media?parent=9504"}],"wp:term":[{"taxonomy":"category","embeddable":true,"href":"https:\/\/ultimato.com.br\/sites\/devocional-diaria\/wp-json\/wp\/v2\/categories?post=9504"},{"taxonomy":"post_tag","embeddable":true,"href":"https:\/\/ultimato.com.br\/sites\/devocional-diaria\/wp-json\/wp\/v2\/tags?post=9504"}],"curies":[{"name":"wp","href":"https:\/\/api.w.org\/{rel}","templated":true}]}}