{"id":9500,"date":"2022-03-22T00:00:56","date_gmt":"2022-03-22T02:00:56","guid":{"rendered":"https:\/\/ultimato.com.br\/sites\/devocional-diaria\/?p=9500"},"modified":"2022-03-11T10:03:49","modified_gmt":"2022-03-11T12:03:49","slug":"inercia-espiritual","status":"publish","type":"post","link":"https:\/\/ultimato.com.br\/sites\/devocional-diaria\/2022\/03\/22\/autor\/j-i-packer\/inercia-espiritual\/","title":{"rendered":"In\u00e9rcia espiritual"},"content":{"rendered":"<p>Assim como voc\u00ea n\u00e3o conhece o caminho do vento [&#8230;], tamb\u00e9m n\u00e3o pode compreender as obras de Deus, o Criador de todas as coisas. (Eclesiastes 11.5)<\/p>\n<p>Entre os sete pecados capitais do pensamento medieval inclu\u00eda-se a indol\u00eancia (acedia), uma triste e renitente apa\u00adtia espiritual. Creio que hoje em dia h\u00e1 muita indol\u00eancia em nossos c\u00edrculos crist\u00e3os. Os sintomas s\u00e3o a in\u00e9rcia espiritual combinada com o cinismo cr\u00edtico contra as igrejas e o ressen\u00adtimento arrogante contra a iniciativa e os empreendimentos de outros crist\u00e3os. Por tr\u00e1s desta condi\u00e7\u00e3o m\u00f3rbida e des\u00adtrutiva frequentemente est\u00e1 o orgulho ferido de algu\u00e9m que pensou saber tudo sobre os caminhos de Deus e ent\u00e3o teve de aprender, por meio de experi\u00eancias amargas e desconcer\u00adtantes, que, na verdade, n\u00e3o sabia tudo.<\/p>\n<p>Isto \u00e9 o que acontece quando n\u00e3o atendemos a mensagem de Eclesiastes. Porque a verdade \u00e9 que Deus, em sua sabedoria, para nos tornar \u2013 e manter \u2013 humildes e nos ensinar a andar pela f\u00e9, esconde de n\u00f3s quase tudo o que gostar\u00edamos de saber sobre os prop\u00f3sitos providenciais que ele est\u00e1 operando nas igrejas e em nossas pr\u00f3prias vidas.<\/p>\n<p>Para orar: Voc\u00ea j\u00e1 enfrentou momentos de in\u00e9rcia espi\u00adritual? Estava relacionado \u00e0 expectativa de saber mais da provid\u00eancia de Deus do que \u00e9 poss\u00edvel? Se sim, confesse e pe\u00e7a a Deus que o ajude a abandonar este pecado capital.<\/p>\n<p>&nbsp;<\/p>\n<p><strong>&gt;&gt; Retirado de\u00a0<\/strong><strong><a href=\"https:\/\/www.ultimato.com.br\/loja\/produtos\/conhecendo-a-deus-ao-longo-do-ano\">Conhecendo a Deus ao Longo do Ano<\/a><\/strong><strong> [J. I. Packer]<\/strong><strong>. Editora Ultimato.<\/strong><\/p>\n<p>Ou\u00e7a as nossas devocionais pelo <a href=\"https:\/\/open.spotify.com\/show\/7CG8DL9dgWZEgPzX3rnk51?si=1dbGejI2TQS16eamNjb2rA\">Spotify<\/a>!<\/p>\n<p><strong>\u00a0<\/strong><\/p>\n","protected":false},"excerpt":{"rendered":"<p>Assim como voc\u00ea n\u00e3o conhece o caminho do vento [&#8230;], tamb\u00e9m n\u00e3o pode compreender as obras de Deus, o Criador de todas as coisas. (Eclesiastes 11.5) Entre os sete pecados capitais do pensamento medieval inclu\u00eda-se a indol\u00eancia (acedia), uma triste e renitente apa\u00adtia espiritual. Creio que hoje em dia h\u00e1 muita indol\u00eancia em nossos c\u00edrculos [&hellip;]<\/p>\n","protected":false},"author":21,"featured_media":164,"comment_status":"open","ping_status":"open","sticky":false,"template":"","format":"standard","meta":{"ngg_post_thumbnail":0,"footnotes":""},"categories":[5655],"tags":[],"class_list":["post-9500","post","type-post","status-publish","format-standard","has-post-thumbnail","hentry","category-j-i-packer"],"publishpress_future_action":{"enabled":false,"date":"2026-05-04 23:18:50","action":"change-status","newStatus":"draft","terms":[],"taxonomy":"category","extraData":[]},"publishpress_future_workflow_manual_trigger":{"enabledWorkflows":[]},"_links":{"self":[{"href":"https:\/\/ultimato.com.br\/sites\/devocional-diaria\/wp-json\/wp\/v2\/posts\/9500","targetHints":{"allow":["GET"]}}],"collection":[{"href":"https:\/\/ultimato.com.br\/sites\/devocional-diaria\/wp-json\/wp\/v2\/posts"}],"about":[{"href":"https:\/\/ultimato.com.br\/sites\/devocional-diaria\/wp-json\/wp\/v2\/types\/post"}],"author":[{"embeddable":true,"href":"https:\/\/ultimato.com.br\/sites\/devocional-diaria\/wp-json\/wp\/v2\/users\/21"}],"replies":[{"embeddable":true,"href":"https:\/\/ultimato.com.br\/sites\/devocional-diaria\/wp-json\/wp\/v2\/comments?post=9500"}],"version-history":[{"count":1,"href":"https:\/\/ultimato.com.br\/sites\/devocional-diaria\/wp-json\/wp\/v2\/posts\/9500\/revisions"}],"predecessor-version":[{"id":9501,"href":"https:\/\/ultimato.com.br\/sites\/devocional-diaria\/wp-json\/wp\/v2\/posts\/9500\/revisions\/9501"}],"wp:featuredmedia":[{"embeddable":true,"href":"https:\/\/ultimato.com.br\/sites\/devocional-diaria\/wp-json\/wp\/v2\/media\/164"}],"wp:attachment":[{"href":"https:\/\/ultimato.com.br\/sites\/devocional-diaria\/wp-json\/wp\/v2\/media?parent=9500"}],"wp:term":[{"taxonomy":"category","embeddable":true,"href":"https:\/\/ultimato.com.br\/sites\/devocional-diaria\/wp-json\/wp\/v2\/categories?post=9500"},{"taxonomy":"post_tag","embeddable":true,"href":"https:\/\/ultimato.com.br\/sites\/devocional-diaria\/wp-json\/wp\/v2\/tags?post=9500"}],"curies":[{"name":"wp","href":"https:\/\/api.w.org\/{rel}","templated":true}]}}