{"id":9498,"date":"2022-03-21T00:00:02","date_gmt":"2022-03-21T02:00:02","guid":{"rendered":"https:\/\/ultimato.com.br\/sites\/devocional-diaria\/?p=9498"},"modified":"2022-03-11T09:55:14","modified_gmt":"2022-03-11T11:55:14","slug":"de-lugar-em-lugar-2","status":"publish","type":"post","link":"https:\/\/ultimato.com.br\/sites\/devocional-diaria\/2022\/03\/21\/autor\/elben-cesar\/de-lugar-em-lugar-2\/","title":{"rendered":"De lugar em lugar\u00a0"},"content":{"rendered":"<p>[Maria] deu \u00e0 luz o seu filho primog\u00eanito, enfaixou-o e o deitou numa manjedoura, porque n\u00e3o havia lugar para eles na hospedaria. (Lucas 2.7)<\/p>\n<p>Jesus nunca permanecia no mesmo local por muito tempo. Ora ele estava em ambientes religiosos (no templo e na sinagoga), ora em ambientes buc\u00f3licos (na praia, no lago, no campo, no deserto, no monte). Ora em ambientes nost\u00e1lgicos (no cemit\u00e9rio), ora em ambiente p\u00fablico (no Pret\u00f3rio). Ora numa casa emprestada (no Cen\u00e1culo), ora em casas alheias (na casa de L\u00e1zaro). Ora em ambiente que tem cheiro de morte (no Lugar da Caveira), ora em ambiente bastante modesto (a manjedoura em Bel\u00e9m).<\/p>\n<p>Jesus p\u00f4de ser encontrado na proa ou na popa de um barco de pesca e no lombo de uma jumenta emprestada.<\/p>\n<p>Ao contr\u00e1rio de Jo\u00e3o Batista e de muitos seguidores, Jesus nunca esteve atr\u00e1s das grades de uma pris\u00e3o. Por\u00e9m, em compensa\u00e7\u00e3o, desceu ao Hades, o mundo dos mortos, onde pregou aos esp\u00edritos em pris\u00e3o (Ef 4.9; 1Pe 3.19).<\/p>\n<p>Depois de sua morte, ressurrei\u00e7\u00e3o e apari\u00e7\u00e3o, Jesus subiu ao c\u00e9u e assentou-se \u00e0 direita de Deus, de onde vir\u00e1, com grande poder e gl\u00f3ria, julgar os mortos e os vivos (At 7.57).<\/p>\n<p>\u2014 Preciso aprender a transitar da cidade ao deserto, do templo \u00e0 sinagoga.<\/p>\n<p><strong>\u00a0<\/strong><\/p>\n<p><strong>&gt;&gt; Retirado de\u00a0<a href=\"https:\/\/www.ultimato.com.br\/loja\/produtos\/refeicoes-diarias-com-jesus\">Refei\u00e7\u00f5es Di\u00e1rias com Jesus<\/a> [Elben C\u00e9sar]. Editora Ultimato.<\/strong><\/p>\n<p>Ou\u00e7a as nossas devocionais pelo <a href=\"https:\/\/open.spotify.com\/show\/7CG8DL9dgWZEgPzX3rnk51?si=1dbGejI2TQS16eamNjb2rA\">Spotify<\/a>!<\/p>\n","protected":false},"excerpt":{"rendered":"<p>[Maria] deu \u00e0 luz o seu filho primog\u00eanito, enfaixou-o e o deitou numa manjedoura, porque n\u00e3o havia lugar para eles na hospedaria. (Lucas 2.7) Jesus nunca permanecia no mesmo local por muito tempo. Ora ele estava em ambientes religiosos (no templo e na sinagoga), ora em ambientes buc\u00f3licos (na praia, no lago, no campo, no [&hellip;]<\/p>\n","protected":false},"author":21,"featured_media":165,"comment_status":"open","ping_status":"open","sticky":false,"template":"","format":"standard","meta":{"ngg_post_thumbnail":0,"footnotes":""},"categories":[5478],"tags":[],"class_list":["post-9498","post","type-post","status-publish","format-standard","has-post-thumbnail","hentry","category-elben-cesar"],"publishpress_future_action":{"enabled":false,"date":"2026-05-05 00:58:20","action":"change-status","newStatus":"draft","terms":[],"taxonomy":"category","extraData":[]},"publishpress_future_workflow_manual_trigger":{"enabledWorkflows":[]},"_links":{"self":[{"href":"https:\/\/ultimato.com.br\/sites\/devocional-diaria\/wp-json\/wp\/v2\/posts\/9498","targetHints":{"allow":["GET"]}}],"collection":[{"href":"https:\/\/ultimato.com.br\/sites\/devocional-diaria\/wp-json\/wp\/v2\/posts"}],"about":[{"href":"https:\/\/ultimato.com.br\/sites\/devocional-diaria\/wp-json\/wp\/v2\/types\/post"}],"author":[{"embeddable":true,"href":"https:\/\/ultimato.com.br\/sites\/devocional-diaria\/wp-json\/wp\/v2\/users\/21"}],"replies":[{"embeddable":true,"href":"https:\/\/ultimato.com.br\/sites\/devocional-diaria\/wp-json\/wp\/v2\/comments?post=9498"}],"version-history":[{"count":1,"href":"https:\/\/ultimato.com.br\/sites\/devocional-diaria\/wp-json\/wp\/v2\/posts\/9498\/revisions"}],"predecessor-version":[{"id":9499,"href":"https:\/\/ultimato.com.br\/sites\/devocional-diaria\/wp-json\/wp\/v2\/posts\/9498\/revisions\/9499"}],"wp:featuredmedia":[{"embeddable":true,"href":"https:\/\/ultimato.com.br\/sites\/devocional-diaria\/wp-json\/wp\/v2\/media\/165"}],"wp:attachment":[{"href":"https:\/\/ultimato.com.br\/sites\/devocional-diaria\/wp-json\/wp\/v2\/media?parent=9498"}],"wp:term":[{"taxonomy":"category","embeddable":true,"href":"https:\/\/ultimato.com.br\/sites\/devocional-diaria\/wp-json\/wp\/v2\/categories?post=9498"},{"taxonomy":"post_tag","embeddable":true,"href":"https:\/\/ultimato.com.br\/sites\/devocional-diaria\/wp-json\/wp\/v2\/tags?post=9498"}],"curies":[{"name":"wp","href":"https:\/\/api.w.org\/{rel}","templated":true}]}}