{"id":9496,"date":"2022-03-20T00:00:45","date_gmt":"2022-03-20T02:00:45","guid":{"rendered":"https:\/\/ultimato.com.br\/sites\/devocional-diaria\/?p=9496"},"modified":"2022-03-10T12:22:19","modified_gmt":"2022-03-10T14:22:19","slug":"discipline-se-para-receber-o-que-e","status":"publish","type":"post","link":"https:\/\/ultimato.com.br\/sites\/devocional-diaria\/2022\/03\/20\/autor\/stanley-jones\/discipline-se-para-receber-o-que-e\/","title":{"rendered":"Discipline-se para receber \u201co que \u00e9\u201d"},"content":{"rendered":"<p>2 Cor\u00edntios 1.4-6; 2.14; 4.15-18<\/p>\n<p>Muitas pessoas se debatem em v\u00e3o contra as\u00a0dificuldades da vida, batendo as asas sem conseguir levantar voo. \u201cSe eu estivesse\u00a0em qualquer lugar que n\u00e3o fosse aqui, eu estaria bem\u201d. Elas sonham com o que\u00a0fariam se n\u00e3o estivessem onde est\u00e3o.<\/p>\n<p>N\u00f3s precisamos viver com a realidade que temos. Os filhos de Israel viviam do\u00a0man\u00e1 no deserto, enquanto marchavam para a terra prometida. Man\u00e1 significa:\u00a0\u201cO que \u00e9\u201d. Eles n\u00e3o sabiam o que era o man\u00e1, ent\u00e3o o chamaram de \u201cO que\u00a0\u00e9\u201d. Eles viviam com \u201cO que \u00e9\u201d. Voc\u00ea e eu devemos viver com \u201cO que \u00e9\u201d, n\u00e3o\u00a0importa se esperamos viver com \u201cO que ser\u00e1\u201d. Os filhos de Israel se cansaram do\u00a0man\u00e1, mas ele os sustentou at\u00e9 chegarem \u00e0 terra prometida. Voc\u00ea e eu podemos\u00a0nos cansar desse \u201cO que \u00e9\u201d, mas devemos aprender a viver dele at\u00e9 chegarmos \u00e0\u00a0terra prometida.<\/p>\n<p>Voltando da Am\u00e9rica do Sul, o avi\u00e3o em que eu estava atrasou bastante para\u00a0continuar a viagem porque ficou \u00e0 espera de dois passageiros locais no aeroporto\u00a0de Trinidad. Eu era um passageiro \u201cde conex\u00e3o\u201d; e esse atraso significava que eu\u00a0perderia reuni\u00f5es importantes, h\u00e1 muito planejadas, em Miami. O comandante\u00a0da aeronave concordou que isso era \u201cinjusto\u201d para mim, mas estas palavras me\u00a0ocorreram de maneira muito clara: \u201cSenhor, eu n\u00e3o pe\u00e7o um tratamento especial;\u00a0pe\u00e7o poder para receber bem qualquer tipo de tratamento e us\u00e1-lo\u201d. Senti paz\u00a0dentro de mim. Essas palavras permaneceram como uma b\u00ean\u00e7\u00e3o no meu interior\u00a0desde ent\u00e3o. Elas me orientaram durante aquele per\u00edodo de espera \u2013 \u201cO que \u00e9\u201d\u00a0\u2013 e t\u00eam me orientado em muitas situa\u00e7\u00f5es at\u00e9 hoje. Para receber essas palavras\u00a0valeu o atraso. De toda situa\u00e7\u00e3o injusta e imposs\u00edvel, voc\u00ea pode obter algo que\u00a0fa\u00e7a dela n\u00e3o uma situa\u00e7\u00e3o limitante, mas contributiva. Voc\u00ea pode viver \u201cO que\u00a0\u00e9\u201d \u2013 e o man\u00e1 ir\u00e1 aliment\u00e1-lo, sustent\u00e1-lo at\u00e9 chegar ao melhor de Deus, \u00e0 terra\u00a0prometida do Senhor.<\/p>\n<p>Um carteiro de cinquenta anos sofreu um derrame que comprometeu o funcionamento\u00a0de um bra\u00e7o e o fez arrastar uma das pernas. Seus dias de entrega de\u00a0cartas acabaram? N\u00e3o! Ele ainda distribui cartas, esbanjando alegria com cada\u00a0uma delas. Ele se senta na frente da sua casa e acena, animado, para todos que\u00a0passam \u2013 ele \u00e9 o centro do bom \u00e2nimo na cidade. Ele est\u00e1 vivendo com \u201cO que\u00a0\u00e9\u201d e ajudando uma cidade a fazer o mesmo.<\/p>\n<p>\u00d3 Cristo, agrade\u00e7o-te porque viveste com o man\u00e1 nos anos silenciosos e obscuros em\u00a0Nazar\u00e9 \u2013 e viveste com ele gloriosamente. Ajuda-me a viver com o que vier \u2013 seja bom,\u00a0mau ou indiferente. Ent\u00e3o viverei verdadeiramente. Am\u00e9m.<\/p>\n<p>Afirma\u00e7\u00e3o do dia: Se eu n\u00e3o receber aquilo de que gosto, ent\u00e3o gostarei daquilo\u00a0que receber.<\/p>\n<p>&nbsp;<\/p>\n<p><strong>&gt;&gt; Retirado de\u00a0<a href=\"https:\/\/www.ultimato.com.br\/loja\/produtos\/o-caminho\">O Caminho<\/a> [Stanley Jones]. Editora Ultimato.<\/strong><\/p>\n","protected":false},"excerpt":{"rendered":"<p>2 Cor\u00edntios 1.4-6; 2.14; 4.15-18 Muitas pessoas se debatem em v\u00e3o contra as\u00a0dificuldades da vida, batendo as asas sem conseguir levantar voo. \u201cSe eu estivesse\u00a0em qualquer lugar que n\u00e3o fosse aqui, eu estaria bem\u201d. Elas sonham com o que\u00a0fariam se n\u00e3o estivessem onde est\u00e3o. N\u00f3s precisamos viver com a realidade que temos. Os filhos de [&hellip;]<\/p>\n","protected":false},"author":21,"featured_media":166,"comment_status":"open","ping_status":"open","sticky":false,"template":"","format":"standard","meta":{"ngg_post_thumbnail":0,"footnotes":""},"categories":[40852],"tags":[],"class_list":["post-9496","post","type-post","status-publish","format-standard","has-post-thumbnail","hentry","category-stanley-jones"],"publishpress_future_action":{"enabled":false,"date":"2026-05-05 01:11:58","action":"change-status","newStatus":"draft","terms":[],"taxonomy":"category","extraData":[]},"publishpress_future_workflow_manual_trigger":{"enabledWorkflows":[]},"_links":{"self":[{"href":"https:\/\/ultimato.com.br\/sites\/devocional-diaria\/wp-json\/wp\/v2\/posts\/9496","targetHints":{"allow":["GET"]}}],"collection":[{"href":"https:\/\/ultimato.com.br\/sites\/devocional-diaria\/wp-json\/wp\/v2\/posts"}],"about":[{"href":"https:\/\/ultimato.com.br\/sites\/devocional-diaria\/wp-json\/wp\/v2\/types\/post"}],"author":[{"embeddable":true,"href":"https:\/\/ultimato.com.br\/sites\/devocional-diaria\/wp-json\/wp\/v2\/users\/21"}],"replies":[{"embeddable":true,"href":"https:\/\/ultimato.com.br\/sites\/devocional-diaria\/wp-json\/wp\/v2\/comments?post=9496"}],"version-history":[{"count":1,"href":"https:\/\/ultimato.com.br\/sites\/devocional-diaria\/wp-json\/wp\/v2\/posts\/9496\/revisions"}],"predecessor-version":[{"id":9497,"href":"https:\/\/ultimato.com.br\/sites\/devocional-diaria\/wp-json\/wp\/v2\/posts\/9496\/revisions\/9497"}],"wp:featuredmedia":[{"embeddable":true,"href":"https:\/\/ultimato.com.br\/sites\/devocional-diaria\/wp-json\/wp\/v2\/media\/166"}],"wp:attachment":[{"href":"https:\/\/ultimato.com.br\/sites\/devocional-diaria\/wp-json\/wp\/v2\/media?parent=9496"}],"wp:term":[{"taxonomy":"category","embeddable":true,"href":"https:\/\/ultimato.com.br\/sites\/devocional-diaria\/wp-json\/wp\/v2\/categories?post=9496"},{"taxonomy":"post_tag","embeddable":true,"href":"https:\/\/ultimato.com.br\/sites\/devocional-diaria\/wp-json\/wp\/v2\/tags?post=9496"}],"curies":[{"name":"wp","href":"https:\/\/api.w.org\/{rel}","templated":true}]}}