{"id":9488,"date":"2022-03-17T00:00:27","date_gmt":"2022-03-17T02:00:27","guid":{"rendered":"https:\/\/ultimato.com.br\/sites\/devocional-diaria\/?p=9488"},"modified":"2022-03-10T09:46:41","modified_gmt":"2022-03-10T11:46:41","slug":"livre-de-tribulacoes","status":"publish","type":"post","link":"https:\/\/ultimato.com.br\/sites\/devocional-diaria\/2022\/03\/17\/autor\/j-i-packer\/livre-de-tribulacoes\/","title":{"rendered":"Livre de tribula\u00e7\u00f5es?"},"content":{"rendered":"<p>\u00c9 necess\u00e1rio que passemos por muitas tribula\u00e7\u00f5es para entrarmos no Reino de Deus. (Atos 14.22)<\/p>\n<p>Quando n\u00f3s apresentamos o evangelho, temos de contar toda a verdade. \u00c0s vezes, podemos ser tentados a fazer falsas previs\u00f5es sobre o que significa se tornar um crist\u00e3o. N\u00e3o devemos dizer apenas que a salva\u00e7\u00e3o nos traz o perd\u00e3o dos nossos pecados, paz de consci\u00eancia e comunh\u00e3o com Deus como nosso Pai. Devemos dizer tamb\u00e9m que, pelo poder do Esp\u00edrito habitando em nosso cora\u00e7\u00e3o, podemos vencer os pecados que antes nos dominavam. Podemos afirmar que a luz e a dire\u00e7\u00e3o dadas por Deus nos permitem achar um caminho em meio aos problemas de dire\u00e7\u00e3o, de autorrealiza\u00e7\u00e3o, relacionamentos pessoais, desejos do cora\u00e7\u00e3o e outras coisas semelhantes que at\u00e9 ent\u00e3o nos derrotavam completamente.<\/p>\n<p>Isto pode sugerir que, sendo crist\u00e3os, o mundo, a carne e o diabo n\u00e3o poder\u00e3o mais nos causar nenhuma dificuldade s\u00e9ria. Ou que nossas circunst\u00e2ncias e relacionamentos pes\u00adsoais jamais nos causar\u00e3o problemas. Ou, ainda, que nunca mais seremos um problema para n\u00f3s mesmos. Por\u00e9m, tais sugest\u00f5es s\u00e3o prejudiciais porque s\u00e3o falsas. Retratar a vida crist\u00e3 comum como sendo livre de dificuldades, mais cedo ou mais tarde, levar\u00e1 a amargas desilus\u00f5es.<\/p>\n<p>Para refletir: quais problemas pode enfrentar um novo crist\u00e3o que foi convidado \u00e0 f\u00e9 com a sugest\u00e3o de que a vida ser\u00e1 muito mais f\u00e1cil e mais feliz nesse novo estado espiritual?<\/p>\n<p><strong>\u00a0<\/strong><\/p>\n<p><strong>&gt;&gt; Retirado de\u00a0<\/strong><strong><a href=\"https:\/\/www.ultimato.com.br\/loja\/produtos\/conhecendo-a-deus-ao-longo-do-ano\">Conhecendo a Deus ao Longo do Ano<\/a><\/strong><strong> [J. I. Packer]<\/strong><strong>. Editora Ultimato.<\/strong><\/p>\n<p>Ou\u00e7a as nossas devocionais pelo <a href=\"https:\/\/open.spotify.com\/show\/7CG8DL9dgWZEgPzX3rnk51?si=1dbGejI2TQS16eamNjb2rA\">Spotify<\/a>!<\/p>\n<p><strong>\u00a0<\/strong><\/p>\n","protected":false},"excerpt":{"rendered":"<p>\u00c9 necess\u00e1rio que passemos por muitas tribula\u00e7\u00f5es para entrarmos no Reino de Deus. (Atos 14.22) Quando n\u00f3s apresentamos o evangelho, temos de contar toda a verdade. \u00c0s vezes, podemos ser tentados a fazer falsas previs\u00f5es sobre o que significa se tornar um crist\u00e3o. N\u00e3o devemos dizer apenas que a salva\u00e7\u00e3o nos traz o perd\u00e3o dos [&hellip;]<\/p>\n","protected":false},"author":21,"featured_media":162,"comment_status":"open","ping_status":"open","sticky":false,"template":"","format":"standard","meta":{"ngg_post_thumbnail":0,"footnotes":""},"categories":[5655],"tags":[],"class_list":["post-9488","post","type-post","status-publish","format-standard","has-post-thumbnail","hentry","category-j-i-packer"],"publishpress_future_action":{"enabled":false,"date":"2026-05-04 23:35:11","action":"change-status","newStatus":"draft","terms":[],"taxonomy":"category","extraData":[]},"publishpress_future_workflow_manual_trigger":{"enabledWorkflows":[]},"_links":{"self":[{"href":"https:\/\/ultimato.com.br\/sites\/devocional-diaria\/wp-json\/wp\/v2\/posts\/9488","targetHints":{"allow":["GET"]}}],"collection":[{"href":"https:\/\/ultimato.com.br\/sites\/devocional-diaria\/wp-json\/wp\/v2\/posts"}],"about":[{"href":"https:\/\/ultimato.com.br\/sites\/devocional-diaria\/wp-json\/wp\/v2\/types\/post"}],"author":[{"embeddable":true,"href":"https:\/\/ultimato.com.br\/sites\/devocional-diaria\/wp-json\/wp\/v2\/users\/21"}],"replies":[{"embeddable":true,"href":"https:\/\/ultimato.com.br\/sites\/devocional-diaria\/wp-json\/wp\/v2\/comments?post=9488"}],"version-history":[{"count":1,"href":"https:\/\/ultimato.com.br\/sites\/devocional-diaria\/wp-json\/wp\/v2\/posts\/9488\/revisions"}],"predecessor-version":[{"id":9489,"href":"https:\/\/ultimato.com.br\/sites\/devocional-diaria\/wp-json\/wp\/v2\/posts\/9488\/revisions\/9489"}],"wp:featuredmedia":[{"embeddable":true,"href":"https:\/\/ultimato.com.br\/sites\/devocional-diaria\/wp-json\/wp\/v2\/media\/162"}],"wp:attachment":[{"href":"https:\/\/ultimato.com.br\/sites\/devocional-diaria\/wp-json\/wp\/v2\/media?parent=9488"}],"wp:term":[{"taxonomy":"category","embeddable":true,"href":"https:\/\/ultimato.com.br\/sites\/devocional-diaria\/wp-json\/wp\/v2\/categories?post=9488"},{"taxonomy":"post_tag","embeddable":true,"href":"https:\/\/ultimato.com.br\/sites\/devocional-diaria\/wp-json\/wp\/v2\/tags?post=9488"}],"curies":[{"name":"wp","href":"https:\/\/api.w.org\/{rel}","templated":true}]}}