{"id":9486,"date":"2022-03-15T00:00:22","date_gmt":"2022-03-15T02:00:22","guid":{"rendered":"https:\/\/ultimato.com.br\/sites\/devocional-diaria\/?p=9486"},"modified":"2022-03-09T12:30:25","modified_gmt":"2022-03-09T14:30:25","slug":"vida-eterna","status":"publish","type":"post","link":"https:\/\/ultimato.com.br\/sites\/devocional-diaria\/2022\/03\/15\/autor\/vida-eterna\/","title":{"rendered":"Vida eterna"},"content":{"rendered":"<p>Pois a vontade do meu Pai \u00e9 que todos os que veem o Filho e creem nele tenham a vida eterna; e no \u00faltimo dia eu os ressuscitarei. (Jo\u00e3o 6.40)<\/p>\n<p>Qualidade da vida de Deus. \u00c9 assim que defino esta vida. Mais do que\u00a0eternidade sem fim, que tamb\u00e9m \u00e9 verdade, receber vida eterna \u00e9 ter o gosto\u00a0de viver uma rela\u00e7\u00e3o de amor e sentido plenos. A vida aqui ganha gosto de c\u00e9u\u00a0e eternidade. Transcende o tempo, revigora a alma, transforma e transformar\u00e1\u00a0o pr\u00f3prio corpo aqui ou depois da morte, na segunda vinda de Jesus!<\/p>\n<p>Certo doutor da lei tamb\u00e9m buscava a vida eterna quando questionou Jesus\u00a0sobre o tema: \u201cO que fazer para herdar a vida eterna? Vida eterna \u00e9 vida vivida\u00a0aqui e agora a servi\u00e7o de Deus no pr\u00f3ximo\u201d, ele responde contando a par\u00e1bola\u00a0do bom samaritano. Queres a vida eterna? Vai e faze tu o mesmo (Lc 10.25-37)<\/p>\n<p>O que \u00e9 necess\u00e1rio, afinal? O texto diz: ver e crer em Jesus. Poucos o viram\u00a0de verdade, o ouviram e o tocaram (1Jo 1.1). Hoje ainda podemos ver e crer.\u00a0Sejamos estes que olham e veem Jesus e, assim, creiamos para ter esta vida.<\/p>\n<p>Jesus querido, abre meus olhos. Costumo enxergar s\u00f3 o que me conv\u00e9m,\u00a0distanciando-me de ti e de meu semelhante. Abre os olhos do meu cora\u00e7\u00e3o\u00a0para que te veja no outro e, assim, no pequeno gesto de estender a m\u00e3o ao\u00a0pr\u00f3ximo, experimente tua visita. Em teu nome precioso e bom, am\u00e9m.<strong>\u00a0<\/strong><\/p>\n<p><strong>\u00a0<\/strong><\/p>\n<p><strong>&gt;&gt; Retirado de\u00a0<a href=\"https:\/\/www.ultimato.com.br\/loja\/produtos\/refeicoes-diarias-celebrando-a-reconciliacao\">Refei\u00e7\u00f5es Di\u00e1rias \u2013 Celebrando a Reconcilia\u00e7\u00e3o<\/a>. Editora Ultimato.<\/strong><\/p>\n<p>Ou\u00e7a as nossas devocionais pelo <a href=\"https:\/\/open.spotify.com\/show\/7CG8DL9dgWZEgPzX3rnk51?si=1dbGejI2TQS16eamNjb2rA\">Spotify<\/a>!<\/p>\n","protected":false},"excerpt":{"rendered":"<p>Pois a vontade do meu Pai \u00e9 que todos os que veem o Filho e creem nele tenham a vida eterna; e no \u00faltimo dia eu os ressuscitarei. (Jo\u00e3o 6.40) Qualidade da vida de Deus. \u00c9 assim que defino esta vida. Mais do que\u00a0eternidade sem fim, que tamb\u00e9m \u00e9 verdade, receber vida eterna \u00e9 ter [&hellip;]<\/p>\n","protected":false},"author":21,"featured_media":164,"comment_status":"open","ping_status":"open","sticky":false,"template":"","format":"standard","meta":{"ngg_post_thumbnail":0,"footnotes":""},"categories":[5244],"tags":[],"class_list":["post-9486","post","type-post","status-publish","format-standard","has-post-thumbnail","hentry","category-autor"],"publishpress_future_action":{"enabled":false,"date":"2026-05-05 02:41:32","action":"change-status","newStatus":"draft","terms":[],"taxonomy":"category","extraData":[]},"publishpress_future_workflow_manual_trigger":{"enabledWorkflows":[]},"_links":{"self":[{"href":"https:\/\/ultimato.com.br\/sites\/devocional-diaria\/wp-json\/wp\/v2\/posts\/9486","targetHints":{"allow":["GET"]}}],"collection":[{"href":"https:\/\/ultimato.com.br\/sites\/devocional-diaria\/wp-json\/wp\/v2\/posts"}],"about":[{"href":"https:\/\/ultimato.com.br\/sites\/devocional-diaria\/wp-json\/wp\/v2\/types\/post"}],"author":[{"embeddable":true,"href":"https:\/\/ultimato.com.br\/sites\/devocional-diaria\/wp-json\/wp\/v2\/users\/21"}],"replies":[{"embeddable":true,"href":"https:\/\/ultimato.com.br\/sites\/devocional-diaria\/wp-json\/wp\/v2\/comments?post=9486"}],"version-history":[{"count":1,"href":"https:\/\/ultimato.com.br\/sites\/devocional-diaria\/wp-json\/wp\/v2\/posts\/9486\/revisions"}],"predecessor-version":[{"id":9487,"href":"https:\/\/ultimato.com.br\/sites\/devocional-diaria\/wp-json\/wp\/v2\/posts\/9486\/revisions\/9487"}],"wp:featuredmedia":[{"embeddable":true,"href":"https:\/\/ultimato.com.br\/sites\/devocional-diaria\/wp-json\/wp\/v2\/media\/164"}],"wp:attachment":[{"href":"https:\/\/ultimato.com.br\/sites\/devocional-diaria\/wp-json\/wp\/v2\/media?parent=9486"}],"wp:term":[{"taxonomy":"category","embeddable":true,"href":"https:\/\/ultimato.com.br\/sites\/devocional-diaria\/wp-json\/wp\/v2\/categories?post=9486"},{"taxonomy":"post_tag","embeddable":true,"href":"https:\/\/ultimato.com.br\/sites\/devocional-diaria\/wp-json\/wp\/v2\/tags?post=9486"}],"curies":[{"name":"wp","href":"https:\/\/api.w.org\/{rel}","templated":true}]}}