{"id":9484,"date":"2022-03-14T11:11:30","date_gmt":"2022-03-14T13:11:30","guid":{"rendered":"https:\/\/ultimato.com.br\/sites\/devocional-diaria\/?p=9484"},"modified":"2022-03-09T12:19:23","modified_gmt":"2022-03-09T14:19:23","slug":"a-oracao-crista-6","status":"publish","type":"post","link":"https:\/\/ultimato.com.br\/sites\/devocional-diaria\/2022\/03\/14\/autor\/john-stott\/a-oracao-crista-6\/","title":{"rendered":"A ora\u00e7\u00e3o crist\u00e3"},"content":{"rendered":"<p>N\u00e3o sejam iguais a eles [os pag\u00e3os], porque o seu Pai sabe do que voc\u00eas precisam, antes mesmo de o pedirem. (Mateus 6.8)<\/p>\n<p>A raz\u00e3o pela qual os crist\u00e3os n\u00e3o devem orar como os pag\u00e3os \u00e9 que cremos\u00a0no Deus vivo e verdadeiro. N\u00e3o devemos fazer como eles fazem porque n\u00e3o\u00a0devemos pensar como eles pensam. Pelo contr\u00e1rio, \u201co seu Pai sabe do que\u00a0voc\u00eas precisam, antes mesmo de o pedirem\u201d. Ele n\u00e3o \u00e9 nem ignorante acerca\u00a0de nossas necessidades nem hesitante em atend\u00ea-las. Por que, ent\u00e3o, devemos\u00a0orar? Qual a utilidade da ora\u00e7\u00e3o? Deixemos Calvino responder \u00e0s nossas\u00a0perguntas com sua costumeira clareza:<\/p>\n<p><em>Crentes n\u00e3o oram com o objetivo de informar a Deus sobre coisas que lhe sejam\u00a0desconhecidas, ou de instig\u00e1-lo a cumprir sua obriga\u00e7\u00e3o, ou de conclam\u00e1-lo,\u00a0como se estivesse relutante. Pelo contr\u00e1rio, eles oram para despertar em si\u00a0mesmos o desejo de busc\u00e1-lo, para exercitar sua f\u00e9 ao meditar nas promessas\u00a0dele, para se aliviarem de suas ansiedades ao derram\u00e1-las em seu seio; resumindo,\u00a0para que possam declarar que todas as suas esperan\u00e7as e expectativas\u00a0de bem \u2013 tanto para si mesmos quanto para os outros \u2013 est\u00e3o ancoradas nele.\u00a0<\/em><\/p>\n<p>Se a ora\u00e7\u00e3o dos fariseus era hip\u00f3crita e a dos pag\u00e3os mec\u00e2nica, a ora\u00e7\u00e3o\u00a0dos crist\u00e3os por sua vez deve ser verdadeira \u2013 sincera em oposi\u00e7\u00e3o \u00e0 hipocrisia,\u00a0atenciosa em oposi\u00e7\u00e3o \u00e0 mec\u00e2nica.<\/p>\n<p>A chamada ora\u00e7\u00e3o do Pai-Nosso foi dada por Jesus como um modelo de\u00a0como deve ser a ora\u00e7\u00e3o genu\u00edna do crist\u00e3o. De acordo com Mateus, ele a\u00a0deu como um padr\u00e3o a ser copiado (\u201cVoc\u00eas, orem assim&#8230;\u201d, v. 9); de acordo\u00a0com Lucas, como uma forma a ser usada (\u201cQuando voc\u00eas orarem, digam&#8230;,\u00a0Lc 11.2). De fato, podemos usar a ora\u00e7\u00e3o de ambas as maneiras.<\/p>\n<p>Jesus nos ensinou a nos dirigirmos a Deus como \u201cPai nosso, que est\u00e1s nos\u00a0c\u00e9us\u201d (v. 9). Isso implica, primeiramente, que ele \u00e9 pessoal. Ele talvez esteja\u00a0na famosa express\u00e3o de C. S. Lewis, \u201cpara al\u00e9m da personalidade\u201d, mas, com\u00a0certeza, n\u00e3o se encontra aqu\u00e9m. Em segundo lugar, ele \u00e9 amoroso. N\u00e3o \u00e9\u00a0o tipo de pai de que ouvimos \u00e0s vezes \u2013 autocrata, playboy, beberr\u00e3o \u2013 mas\u00a0algu\u00e9m que cumpre os ideais de paternidade no cuidado amoroso para com\u00a0seus filhos. Em terceiro lugar, ele \u00e9 poderoso. Aquilo que o seu amor indica,\u00a0seu poder \u00e9 capaz de realizar. \u00c9 sempre s\u00e1bio, antes de orarmos, passar um\u00a0tempo lembrando quem \u00e9 aquele a quem estamos nos dirigindo.<\/p>\n<p>Para saber mais: Mateus 6.7-13<\/p>\n<p>&nbsp;<\/p>\n<p><strong>&gt;&gt; Retirado de\u00a0<a href=\"https:\/\/www.ultimato.com.br\/loja\/produtos\/a-biblia-toda-o-ano-todo-1\">A B\u00edblia Toda, o Ano Todo<\/a>\u00a0[John Stott]. Editora Ultimato.<\/strong><\/p>\n<p>Ou\u00e7a as nossas devocionais pelo <a href=\"https:\/\/open.spotify.com\/show\/7CG8DL9dgWZEgPzX3rnk51?si=1dbGejI2TQS16eamNjb2rA\">Spotify<\/a>!<\/p>\n","protected":false},"excerpt":{"rendered":"<p>N\u00e3o sejam iguais a eles [os pag\u00e3os], porque o seu Pai sabe do que voc\u00eas precisam, antes mesmo de o pedirem. (Mateus 6.8) A raz\u00e3o pela qual os crist\u00e3os n\u00e3o devem orar como os pag\u00e3os \u00e9 que cremos\u00a0no Deus vivo e verdadeiro. N\u00e3o devemos fazer como eles fazem porque n\u00e3o\u00a0devemos pensar como eles pensam. Pelo [&hellip;]<\/p>\n","protected":false},"author":21,"featured_media":165,"comment_status":"open","ping_status":"open","sticky":false,"template":"","format":"standard","meta":{"ngg_post_thumbnail":0,"footnotes":""},"categories":[5668],"tags":[],"class_list":["post-9484","post","type-post","status-publish","format-standard","has-post-thumbnail","hentry","category-john-stott"],"publishpress_future_action":{"enabled":false,"date":"2026-05-05 03:51:59","action":"change-status","newStatus":"draft","terms":[],"taxonomy":"category","extraData":[]},"publishpress_future_workflow_manual_trigger":{"enabledWorkflows":[]},"_links":{"self":[{"href":"https:\/\/ultimato.com.br\/sites\/devocional-diaria\/wp-json\/wp\/v2\/posts\/9484","targetHints":{"allow":["GET"]}}],"collection":[{"href":"https:\/\/ultimato.com.br\/sites\/devocional-diaria\/wp-json\/wp\/v2\/posts"}],"about":[{"href":"https:\/\/ultimato.com.br\/sites\/devocional-diaria\/wp-json\/wp\/v2\/types\/post"}],"author":[{"embeddable":true,"href":"https:\/\/ultimato.com.br\/sites\/devocional-diaria\/wp-json\/wp\/v2\/users\/21"}],"replies":[{"embeddable":true,"href":"https:\/\/ultimato.com.br\/sites\/devocional-diaria\/wp-json\/wp\/v2\/comments?post=9484"}],"version-history":[{"count":1,"href":"https:\/\/ultimato.com.br\/sites\/devocional-diaria\/wp-json\/wp\/v2\/posts\/9484\/revisions"}],"predecessor-version":[{"id":9485,"href":"https:\/\/ultimato.com.br\/sites\/devocional-diaria\/wp-json\/wp\/v2\/posts\/9484\/revisions\/9485"}],"wp:featuredmedia":[{"embeddable":true,"href":"https:\/\/ultimato.com.br\/sites\/devocional-diaria\/wp-json\/wp\/v2\/media\/165"}],"wp:attachment":[{"href":"https:\/\/ultimato.com.br\/sites\/devocional-diaria\/wp-json\/wp\/v2\/media?parent=9484"}],"wp:term":[{"taxonomy":"category","embeddable":true,"href":"https:\/\/ultimato.com.br\/sites\/devocional-diaria\/wp-json\/wp\/v2\/categories?post=9484"},{"taxonomy":"post_tag","embeddable":true,"href":"https:\/\/ultimato.com.br\/sites\/devocional-diaria\/wp-json\/wp\/v2\/tags?post=9484"}],"curies":[{"name":"wp","href":"https:\/\/api.w.org\/{rel}","templated":true}]}}