{"id":948,"date":"2013-12-05T00:00:28","date_gmt":"2013-12-05T03:00:28","guid":{"rendered":"http:\/\/ultimato.com.br\/sites\/devocional-diaria\/?p=948"},"modified":"2013-11-29T16:51:19","modified_gmt":"2013-11-29T19:51:19","slug":"jesus-o-rei-envolto-em-panos","status":"publish","type":"post","link":"https:\/\/ultimato.com.br\/sites\/devocional-diaria\/2013\/12\/05\/autor\/elben-cesar\/jesus-o-rei-envolto-em-panos\/","title":{"rendered":"Jesus, o Rei envolto em panos"},"content":{"rendered":"<p><em>Encontrar\u00e3o o beb\u00ea envolto em panos e deitado numa manjedoura. [Lucas 2.12, NVI]<\/em><\/p>\n<p>H\u00e1 beleza no contraste entre as passagens b\u00edblicas que falam da natureza divina e as que se referem \u00e0 natureza humana de Jesus. De acordo com o livro dos Salmos, \u201cde majestade vestiu-se o Senhor e armou-se de poder\u201d (93.1), e, segundo o ap\u00f3stolo Paulo, o mesmo Senhor \u201cesvaziou-se a si mesmo, tornando-se semelhante aos homens\u201d (Fp 2.7).<br \/>\nAntes da encarna\u00e7\u00e3o e depois da ascens\u00e3o, Jesus vestiu-se de majestade. No curto per\u00edodo em que esteve conosco, ele tirou as vestes solenes e foi encontrado pelos pastores de Bel\u00e9m \u201cenvolto em panos e deitado numa manjedoura\u201d (Lc 2.12, NVI). Depois vestiu uma t\u00fanica qualquer e andou a p\u00e9 pelas estradas poeirentas da Palestina, misturando-se com o povo e fazendo amizade com as esc\u00f3rias social, moral e religiosa de seu tempo.<\/p>\n<p>Uma vez feito carne, uma vez esvaziado voluntariamente, uma vez tornado servo por decis\u00e3o pr\u00f3pria, uma vez feito Filho do homem, Jesus, sem deixar de ser Filho de Deus em momento algum, experimentou tudo o que os seres humanos t\u00eam em comum: fome, sede, cansa\u00e7o, pobreza, tenta\u00e7\u00e3o, dor, sofrimento, oposi\u00e7\u00e3o e morte.<br \/>\n\u201cDepois de ter realizado a purifica\u00e7\u00e3o dos pecados\u201d (Hb 1.3), Jesus ressuscitou, ascendeu aos c\u00e9us e novamente \u201cde majestade vestiu-se e armou-se de poder\u201d (Sl 93.1). \u00c9 assim que ele vir\u00e1 segunda vez, em poder e muita gl\u00f3ria!<\/p>\n<p>&gt;&gt; Retirado de <a href=\"http:\/\/www.ultimato.com.br\/loja\/produtos\/devocionais-para-todas-as-estacoes-edicao-de-bolso\">Devocionais Para Todas as Esta\u00e7\u00f5es<\/a>. Editora Ultimato.<\/p>\n","protected":false},"excerpt":{"rendered":"<p>Encontrar\u00e3o o beb\u00ea envolto em panos e deitado numa manjedoura. [Lucas 2.12, NVI] H\u00e1 beleza no contraste entre as passagens b\u00edblicas que falam da natureza divina e as que se referem \u00e0 natureza humana de Jesus. De acordo com o livro dos Salmos, \u201cde majestade vestiu-se o Senhor e armou-se de poder\u201d (93.1), e, segundo [&hellip;]<\/p>\n","protected":false},"author":6,"featured_media":162,"comment_status":"open","ping_status":"open","sticky":false,"template":"","format":"standard","meta":{"ngg_post_thumbnail":0,"footnotes":""},"categories":[5478],"tags":[],"class_list":["post-948","post","type-post","status-publish","format-standard","has-post-thumbnail","hentry","category-elben-cesar"],"publishpress_future_action":{"enabled":false,"date":"2026-05-04 16:29:19","action":"change-status","newStatus":"draft","terms":[],"taxonomy":"category","extraData":[]},"publishpress_future_workflow_manual_trigger":{"enabledWorkflows":[]},"_links":{"self":[{"href":"https:\/\/ultimato.com.br\/sites\/devocional-diaria\/wp-json\/wp\/v2\/posts\/948","targetHints":{"allow":["GET"]}}],"collection":[{"href":"https:\/\/ultimato.com.br\/sites\/devocional-diaria\/wp-json\/wp\/v2\/posts"}],"about":[{"href":"https:\/\/ultimato.com.br\/sites\/devocional-diaria\/wp-json\/wp\/v2\/types\/post"}],"author":[{"embeddable":true,"href":"https:\/\/ultimato.com.br\/sites\/devocional-diaria\/wp-json\/wp\/v2\/users\/6"}],"replies":[{"embeddable":true,"href":"https:\/\/ultimato.com.br\/sites\/devocional-diaria\/wp-json\/wp\/v2\/comments?post=948"}],"version-history":[{"count":1,"href":"https:\/\/ultimato.com.br\/sites\/devocional-diaria\/wp-json\/wp\/v2\/posts\/948\/revisions"}],"predecessor-version":[{"id":949,"href":"https:\/\/ultimato.com.br\/sites\/devocional-diaria\/wp-json\/wp\/v2\/posts\/948\/revisions\/949"}],"wp:featuredmedia":[{"embeddable":true,"href":"https:\/\/ultimato.com.br\/sites\/devocional-diaria\/wp-json\/wp\/v2\/media\/162"}],"wp:attachment":[{"href":"https:\/\/ultimato.com.br\/sites\/devocional-diaria\/wp-json\/wp\/v2\/media?parent=948"}],"wp:term":[{"taxonomy":"category","embeddable":true,"href":"https:\/\/ultimato.com.br\/sites\/devocional-diaria\/wp-json\/wp\/v2\/categories?post=948"},{"taxonomy":"post_tag","embeddable":true,"href":"https:\/\/ultimato.com.br\/sites\/devocional-diaria\/wp-json\/wp\/v2\/tags?post=948"}],"curies":[{"name":"wp","href":"https:\/\/api.w.org\/{rel}","templated":true}]}}