{"id":9478,"date":"2022-12-02T00:00:53","date_gmt":"2022-12-02T02:00:53","guid":{"rendered":"https:\/\/ultimato.com.br\/sites\/devocional-diaria\/?p=9478"},"modified":"2022-11-25T17:32:41","modified_gmt":"2022-11-25T19:32:41","slug":"a-alegria-sem-pendencias","status":"publish","type":"post","link":"https:\/\/ultimato.com.br\/sites\/devocional-diaria\/2022\/12\/02\/marta-carriker\/a-alegria-sem-pendencias\/","title":{"rendered":"A alegria sem pend\u00eancias"},"content":{"rendered":"<p>Se confessarmos os nossos pecados, ele \u00e9 fiel e justo para nos perdoar os pecados e nos purificar de toda injusti\u00e7a. (1 Jo\u00e3o 1.9)<\/p>\n<p>Voc\u00ea j\u00e1 experimentou amor incondicional? Como \u00e9 um amor assim?<\/p>\n<p>\u00c9 um amor que recebemos independentemente de nossos erros e imperfei\u00e7\u00f5es. Em Romanos 3.23 lemos que \u201ctodos pecaram e carecem da gl\u00f3ria de Deus\u201d. Isto \u00e9, todos erramos, todos fazemos algo que n\u00e3o agrada a Deus, algo que n\u00e3o \u00e9 bom ou que prejudica outras pessoas. E todos precisamos de Deus e do seu perd\u00e3o em Cristo Jesus.<\/p>\n<p>S\u00f3 existe uma condi\u00e7\u00e3o para o perd\u00e3o de Deus, e essa condi\u00e7\u00e3o \u00e9 o arrependimento. Aquele que faz coisas erradas e fica feliz com isso n\u00e3o est\u00e1 pronto para receber o perd\u00e3o de Deus. Mas, se temos consci\u00eancia de que o que fazemos de errado precisa mudar, se sentimos que precisamos da ajuda de Deus e pedimos a ele socorro, ele olha para n\u00f3s com bondade e j\u00e1 providenciou a solu\u00e7\u00e3o: pagou por nossos pecados mediante a morte de seu Filho. Precisamos acreditar nisso, aceitar a solu\u00e7\u00e3o para nossa separa\u00e7\u00e3o dele mesmo.<\/p>\n<p>H\u00e1 pessoas que acreditam que se algu\u00e9m cresce na igreja n\u00e3o precisa de convers\u00e3o, mas isso n\u00e3o \u00e9 verdade. Todos temos de dizer diante dos outros o que cremos, e o dia em que temos a maturidade de compreender que Jesus pagou por nossos pecados e o confessamos como Salvador \u00e9 o dia em que nos convertemos. Podemos crescer ouvindo falar sobre Deus, mas ele deseja ter um relacionamento pessoal, real, conosco; ele deseja ser o Senhor de nossa vida.<\/p>\n<p>O perd\u00e3o nos liberta e traz de volta a alegria que perdemos por causa do pecado feito contra n\u00f3s. No perd\u00e3o h\u00e1 o reconhecimento de que nada acontece sem a permiss\u00e3o de Deus e que \u00e9 mesmo verdade que \u201ctodas as coisas contribuem juntamente para o bem daqueles que amam a Deus\u201d (Rm 8.28, ACF).<\/p>\n<p>Para pensar: Voc\u00ea j\u00e1 experimentou a alegria de se sentir perdoado e de perdoar? Como \u00e9 esse sentimento?<\/p>\n<p>Para orar: Senhor Deus, teu perd\u00e3o me traz muita alegria. Agrade\u00e7o-te por Jesus ter pago por meu pecado. Ajuda-me a perdoar meus semelhantes em tudo que fizeram contra mim. Teu perd\u00e3o cancela minha d\u00edvida e a deles tamb\u00e9m. Pela f\u00e9, eu os perdoo, e pe\u00e7o que me cures de toda amargura que porventura ainda haja em meu cora\u00e7\u00e3o. Quero experimentar plenamente a alegria da salva\u00e7\u00e3o. Em nome de Jesus, am\u00e9m.<\/p>\n<p>&nbsp;<\/p>\n<p><strong>&gt;&gt; Conhe\u00e7a o lan\u00e7amento <em><a href=\"https:\/\/www.ultimato.com.br\/loja\/produtos\/o-que-rouba-a-sua-alegria\">O Que Rouba a Sua Alegria<\/a><\/em>, de Marta Carriker. <\/strong><\/p>\n<p>Ou\u00e7a as nossas devocionais pelo <a href=\"https:\/\/open.spotify.com\/show\/7CG8DL9dgWZEgPzX3rnk51?si=1dbGejI2TQS16eamNjb2rA\">Spotify<\/a>!<\/p>\n","protected":false},"excerpt":{"rendered":"<p>Se confessarmos os nossos pecados, ele \u00e9 fiel e justo para nos perdoar os pecados e nos purificar de toda injusti\u00e7a. (1 Jo\u00e3o 1.9) Voc\u00ea j\u00e1 experimentou amor incondicional? Como \u00e9 um amor assim? \u00c9 um amor que recebemos independentemente de nossos erros e imperfei\u00e7\u00f5es. Em Romanos 3.23 lemos que \u201ctodos pecaram e carecem da [&hellip;]<\/p>\n","protected":false},"author":21,"featured_media":161,"comment_status":"open","ping_status":"open","sticky":false,"template":"","format":"standard","meta":{"ngg_post_thumbnail":0,"footnotes":""},"categories":[9498],"tags":[],"class_list":["post-9478","post","type-post","status-publish","format-standard","has-post-thumbnail","hentry","category-marta-carriker"],"publishpress_future_action":{"enabled":false,"date":"2026-05-04 21:53:03","action":"change-status","newStatus":"draft","terms":[],"taxonomy":"category","extraData":[]},"publishpress_future_workflow_manual_trigger":{"enabledWorkflows":[]},"_links":{"self":[{"href":"https:\/\/ultimato.com.br\/sites\/devocional-diaria\/wp-json\/wp\/v2\/posts\/9478","targetHints":{"allow":["GET"]}}],"collection":[{"href":"https:\/\/ultimato.com.br\/sites\/devocional-diaria\/wp-json\/wp\/v2\/posts"}],"about":[{"href":"https:\/\/ultimato.com.br\/sites\/devocional-diaria\/wp-json\/wp\/v2\/types\/post"}],"author":[{"embeddable":true,"href":"https:\/\/ultimato.com.br\/sites\/devocional-diaria\/wp-json\/wp\/v2\/users\/21"}],"replies":[{"embeddable":true,"href":"https:\/\/ultimato.com.br\/sites\/devocional-diaria\/wp-json\/wp\/v2\/comments?post=9478"}],"version-history":[{"count":1,"href":"https:\/\/ultimato.com.br\/sites\/devocional-diaria\/wp-json\/wp\/v2\/posts\/9478\/revisions"}],"predecessor-version":[{"id":9479,"href":"https:\/\/ultimato.com.br\/sites\/devocional-diaria\/wp-json\/wp\/v2\/posts\/9478\/revisions\/9479"}],"wp:featuredmedia":[{"embeddable":true,"href":"https:\/\/ultimato.com.br\/sites\/devocional-diaria\/wp-json\/wp\/v2\/media\/161"}],"wp:attachment":[{"href":"https:\/\/ultimato.com.br\/sites\/devocional-diaria\/wp-json\/wp\/v2\/media?parent=9478"}],"wp:term":[{"taxonomy":"category","embeddable":true,"href":"https:\/\/ultimato.com.br\/sites\/devocional-diaria\/wp-json\/wp\/v2\/categories?post=9478"},{"taxonomy":"post_tag","embeddable":true,"href":"https:\/\/ultimato.com.br\/sites\/devocional-diaria\/wp-json\/wp\/v2\/tags?post=9478"}],"curies":[{"name":"wp","href":"https:\/\/api.w.org\/{rel}","templated":true}]}}