{"id":9469,"date":"2022-02-27T00:00:04","date_gmt":"2022-02-27T02:00:04","guid":{"rendered":"https:\/\/ultimato.com.br\/sites\/devocional-diaria\/?p=9469"},"modified":"2022-02-24T12:07:02","modified_gmt":"2022-02-24T14:07:02","slug":"eis-que-venho-em-breve-3","status":"publish","type":"post","link":"https:\/\/ultimato.com.br\/sites\/devocional-diaria\/2022\/02\/27\/autor\/john-stott\/eis-que-venho-em-breve-3\/","title":{"rendered":"\u201cEis que venho em breve!\u201d"},"content":{"rendered":"<p>Eis que venho em breve! A minha recompensa est\u00e1 comigo, e eu retribuirei a cada um de acordo com o que fez. (Apocalipse 22.12)<\/p>\n<p>Uma das caracter\u00edsticas impressionantes de Apocalipse 22 \u00e9 que ele \u00e9 pontuado tr\u00eas vezes pelo brado de Jesus: \u201cEis que venho em breve\u201d (v. 7, 12 e 20). Como devemos interpretar essa afirma\u00e7\u00e3o? Ser\u00e1 que isso significa que Jesus predisse que seu retorno aconteceria quase imediatamente e que ele estava enganado? Essa \u00e9 uma vis\u00e3o bastante difundida, mas n\u00e3o \u00e9 necess\u00e1rio chegar a essa conclus\u00e3o por v\u00e1rias raz\u00f5es.<\/p>\n<p>Primeiro, Jesus disse que ele n\u00e3o sabia o dia de sua vinda (Mc 13.32); somente o Pai sabia. Portanto, \u00e9 improv\u00e1vel que agora ele estivesse se pro\u00adnunciando sobre aquilo que ele afirmara n\u00e3o saber. Ele n\u00e3o era ignorante acerca de sua pr\u00f3pria ignor\u00e2ncia. Segundo, Jesus e os ap\u00f3stolos conclamaram seus seguidores em outros lugares a casar e ter filhos, a ganhar seu sustento e a levar o evangelho aos confins da terra. Essas instru\u00e7\u00f5es n\u00e3o s\u00e3o compat\u00edveis com a cren\u00e7a em uma parusia iminente.<\/p>\n<p>Terceiro, Jesus predisse a destrui\u00e7\u00e3o de Jerusal\u00e9m dentro do per\u00edodo de vida de seus contempor\u00e2neos, e \u00e0s vezes \u00e9 dif\u00edcil discernir se ele estava se referindo \u00e0 destrui\u00e7\u00e3o da cidade ou ao fim dos tempos. Quarto, o apocalipse \u00e9 um g\u00eanero particular, com suas pr\u00f3prias conven\u00e7\u00f5es liter\u00e1rias. Por exemplo, ele expressa aquilo que acontecer\u00e1 repentinamente em termos daquilo que acontecer\u00e1 em breve. Era assim tamb\u00e9m nas profecias do Antigo Testamento.<\/p>\n<p>Ent\u00e3o, como entender o adv\u00e9rbio breve? \u00c9 preciso lembrar que, com os grandes eventos do nascimento, morte, ressurrei\u00e7\u00e3o e exalta\u00e7\u00e3o de Cristo, se inaugurou um novo tempo e agora, no calend\u00e1rio escatol\u00f3gico de Deus, n\u00e3o h\u00e1 mais nada antes da parusia. A parusia \u00e9 o pr\u00f3ximo evento na agenda. Charles Cranfield escreveu que foi e ainda \u00e9 v\u00e1lido afirmar \u201cque a parusia est\u00e1 prestes a acontecer\u201d. Assim, os disc\u00edpulos crist\u00e3os s\u00e3o caracterizados pela f\u00e9, pela esperan\u00e7a e pelo amor. A f\u00e9 significa aguardar o j\u00e1 da conquista de Cristo. A esperan\u00e7a diz respeito \u00e0 espera pelo ainda n\u00e3o da salva\u00e7\u00e3o. E o amor marca a nossa vida agora, nesse \u00ednterim. Logo, breve pode ser cronologicamente inexato, mas \u00e9 teologicamente correto.<\/p>\n<p>Para saber mais: Marcos 13.28-37<\/p>\n<p>&nbsp;<\/p>\n<p><strong>&gt;&gt; Retirado de\u00a0<a href=\"https:\/\/www.ultimato.com.br\/loja\/produtos\/a-biblia-toda-o-ano-todo-1\">A B\u00edblia Toda, o Ano Todo<\/a>\u00a0[John Stott]. Editora Ultimato.<\/strong><\/p>\n","protected":false},"excerpt":{"rendered":"<p>Eis que venho em breve! A minha recompensa est\u00e1 comigo, e eu retribuirei a cada um de acordo com o que fez. (Apocalipse 22.12) Uma das caracter\u00edsticas impressionantes de Apocalipse 22 \u00e9 que ele \u00e9 pontuado tr\u00eas vezes pelo brado de Jesus: \u201cEis que venho em breve\u201d (v. 7, 12 e 20). Como devemos interpretar [&hellip;]<\/p>\n","protected":false},"author":21,"featured_media":166,"comment_status":"open","ping_status":"open","sticky":false,"template":"","format":"standard","meta":{"ngg_post_thumbnail":0,"footnotes":""},"categories":[5668],"tags":[],"class_list":["post-9469","post","type-post","status-publish","format-standard","has-post-thumbnail","hentry","category-john-stott"],"publishpress_future_action":{"enabled":false,"date":"2026-05-05 08:02:49","action":"change-status","newStatus":"draft","terms":[],"taxonomy":"category","extraData":[]},"publishpress_future_workflow_manual_trigger":{"enabledWorkflows":[]},"_links":{"self":[{"href":"https:\/\/ultimato.com.br\/sites\/devocional-diaria\/wp-json\/wp\/v2\/posts\/9469","targetHints":{"allow":["GET"]}}],"collection":[{"href":"https:\/\/ultimato.com.br\/sites\/devocional-diaria\/wp-json\/wp\/v2\/posts"}],"about":[{"href":"https:\/\/ultimato.com.br\/sites\/devocional-diaria\/wp-json\/wp\/v2\/types\/post"}],"author":[{"embeddable":true,"href":"https:\/\/ultimato.com.br\/sites\/devocional-diaria\/wp-json\/wp\/v2\/users\/21"}],"replies":[{"embeddable":true,"href":"https:\/\/ultimato.com.br\/sites\/devocional-diaria\/wp-json\/wp\/v2\/comments?post=9469"}],"version-history":[{"count":1,"href":"https:\/\/ultimato.com.br\/sites\/devocional-diaria\/wp-json\/wp\/v2\/posts\/9469\/revisions"}],"predecessor-version":[{"id":9470,"href":"https:\/\/ultimato.com.br\/sites\/devocional-diaria\/wp-json\/wp\/v2\/posts\/9469\/revisions\/9470"}],"wp:featuredmedia":[{"embeddable":true,"href":"https:\/\/ultimato.com.br\/sites\/devocional-diaria\/wp-json\/wp\/v2\/media\/166"}],"wp:attachment":[{"href":"https:\/\/ultimato.com.br\/sites\/devocional-diaria\/wp-json\/wp\/v2\/media?parent=9469"}],"wp:term":[{"taxonomy":"category","embeddable":true,"href":"https:\/\/ultimato.com.br\/sites\/devocional-diaria\/wp-json\/wp\/v2\/categories?post=9469"},{"taxonomy":"post_tag","embeddable":true,"href":"https:\/\/ultimato.com.br\/sites\/devocional-diaria\/wp-json\/wp\/v2\/tags?post=9469"}],"curies":[{"name":"wp","href":"https:\/\/api.w.org\/{rel}","templated":true}]}}