{"id":9461,"date":"2022-11-28T00:00:24","date_gmt":"2022-11-28T02:00:24","guid":{"rendered":"https:\/\/ultimato.com.br\/sites\/devocional-diaria\/?p=9461"},"modified":"2022-11-25T17:20:34","modified_gmt":"2022-11-25T19:20:34","slug":"a-alegria-vem-acompanhada-de-paciencia","status":"publish","type":"post","link":"https:\/\/ultimato.com.br\/sites\/devocional-diaria\/2022\/11\/28\/marta-carriker\/a-alegria-vem-acompanhada-de-paciencia\/","title":{"rendered":"A alegria vem acompanhada de paci\u00eancia"},"content":{"rendered":"<p>Ora, a f\u00e9 \u00e9 a certeza de coisas que se esperam. (Hebreus 11.1)<\/p>\n<p>Voc\u00ea j\u00e1 teve de esperar por algo que desejava muito? Como foi o final?<\/p>\n<p>Em G\u00e1latas 5.22-23 podemos ver que a longanimidade, tamb\u00e9m chamada de paci\u00eancia, \u00e9 fruto do Esp\u00edrito Santo, fruto da presen\u00e7a de Deus em nossa vida, assim como a alegria. A pessoa sem paci\u00eancia desiste logo, irrita-se com facilidade, toma decis\u00f5es precipitadas. Isso muitas vezes causa situa\u00e7\u00f5es de frustra\u00e7\u00e3o e infelicidade. Por exemplo: se temos de esperar na fila do banco, mas estamos sem paci\u00eancia, sa\u00edmos sem resolver o problema ou reclamamos tanto que acabamos gerando um clima de descontentamento geral.<\/p>\n<p>N\u00e3o \u00e9 f\u00e1cil ter paci\u00eancia. Nos dias de hoje, parece que as pessoas querem mesmo \u00e9 gratifica\u00e7\u00e3o imediata, se poss\u00edvel sem muito esfor\u00e7o. Mas frequentemente Deus nos prova, como fez com J\u00f3, e nos deixa passar por um processo t\u00e3o longo que chegamos at\u00e9 a duvidar de que haver\u00e1 luz no fim do t\u00fanel.<\/p>\n<p>Um conhecimento mais profundo de Deus acompanha a paci\u00eancia na tribula\u00e7\u00e3o. Se nos humilharmos e confiarmos em Deus, veremos que seus planos est\u00e3o acima do nosso entendimento. Enquanto aguardamos que ele aja, aprendemos a v\u00ea-lo como ele \u00e9, a enxergar sua presen\u00e7a nas muitas provas que ele nos d\u00e1, a descansar no fato de que n\u00e3o nos abandona e que somente ele \u00e9 todo-poderoso.<\/p>\n<p>Para pensar: Voc\u00ea cr\u00ea que haja recompensa em ter paci\u00eancia e perseverar?<\/p>\n<p>Para orar: Senhor, n\u00e3o me deixa desistir mesmo que a dor seja grande. Ajuda-me a ver por f\u00e9 a alegria no fim do percurso. Eu te agrade\u00e7o por tua presen\u00e7a comigo e por teus planos, que s\u00e3o sempre melhores do que os meus. Teus olhos veem o que os meus n\u00e3o enxergam; por isso, confio em tuas m\u00e3os e dire\u00e7\u00e3o at\u00e9 o fim. Cria em mim, \u00f3 Deus, um cora\u00e7\u00e3o puro, renova em mim um esp\u00edrito inabal\u00e1vel. Em nome de Jesus, am\u00e9m.<\/p>\n<p>&nbsp;<\/p>\n<p><strong>&gt;&gt; Conhe\u00e7a o lan\u00e7amento <em><a href=\"https:\/\/www.ultimato.com.br\/loja\/produtos\/o-que-rouba-a-sua-alegria\">O Que Rouba a Sua Alegria<\/a><\/em>, de Marta Carriker. <\/strong><\/p>\n<p>Ou\u00e7a as nossas devocionais pelo <a href=\"https:\/\/open.spotify.com\/show\/7CG8DL9dgWZEgPzX3rnk51?si=1dbGejI2TQS16eamNjb2rA\">Spotify<\/a>!<\/p>\n","protected":false},"excerpt":{"rendered":"<p>Ora, a f\u00e9 \u00e9 a certeza de coisas que se esperam. (Hebreus 11.1) Voc\u00ea j\u00e1 teve de esperar por algo que desejava muito? Como foi o final? Em G\u00e1latas 5.22-23 podemos ver que a longanimidade, tamb\u00e9m chamada de paci\u00eancia, \u00e9 fruto do Esp\u00edrito Santo, fruto da presen\u00e7a de Deus em nossa vida, assim como a [&hellip;]<\/p>\n","protected":false},"author":21,"featured_media":165,"comment_status":"open","ping_status":"open","sticky":false,"template":"","format":"standard","meta":{"ngg_post_thumbnail":0,"footnotes":""},"categories":[9498],"tags":[],"class_list":["post-9461","post","type-post","status-publish","format-standard","has-post-thumbnail","hentry","category-marta-carriker"],"publishpress_future_action":{"enabled":false,"date":"2026-05-02 04:13:39","action":"change-status","newStatus":"draft","terms":[],"taxonomy":"category","extraData":[]},"publishpress_future_workflow_manual_trigger":{"enabledWorkflows":[]},"_links":{"self":[{"href":"https:\/\/ultimato.com.br\/sites\/devocional-diaria\/wp-json\/wp\/v2\/posts\/9461","targetHints":{"allow":["GET"]}}],"collection":[{"href":"https:\/\/ultimato.com.br\/sites\/devocional-diaria\/wp-json\/wp\/v2\/posts"}],"about":[{"href":"https:\/\/ultimato.com.br\/sites\/devocional-diaria\/wp-json\/wp\/v2\/types\/post"}],"author":[{"embeddable":true,"href":"https:\/\/ultimato.com.br\/sites\/devocional-diaria\/wp-json\/wp\/v2\/users\/21"}],"replies":[{"embeddable":true,"href":"https:\/\/ultimato.com.br\/sites\/devocional-diaria\/wp-json\/wp\/v2\/comments?post=9461"}],"version-history":[{"count":1,"href":"https:\/\/ultimato.com.br\/sites\/devocional-diaria\/wp-json\/wp\/v2\/posts\/9461\/revisions"}],"predecessor-version":[{"id":9462,"href":"https:\/\/ultimato.com.br\/sites\/devocional-diaria\/wp-json\/wp\/v2\/posts\/9461\/revisions\/9462"}],"wp:featuredmedia":[{"embeddable":true,"href":"https:\/\/ultimato.com.br\/sites\/devocional-diaria\/wp-json\/wp\/v2\/media\/165"}],"wp:attachment":[{"href":"https:\/\/ultimato.com.br\/sites\/devocional-diaria\/wp-json\/wp\/v2\/media?parent=9461"}],"wp:term":[{"taxonomy":"category","embeddable":true,"href":"https:\/\/ultimato.com.br\/sites\/devocional-diaria\/wp-json\/wp\/v2\/categories?post=9461"},{"taxonomy":"post_tag","embeddable":true,"href":"https:\/\/ultimato.com.br\/sites\/devocional-diaria\/wp-json\/wp\/v2\/tags?post=9461"}],"curies":[{"name":"wp","href":"https:\/\/api.w.org\/{rel}","templated":true}]}}