{"id":9455,"date":"2022-03-02T00:00:22","date_gmt":"2022-03-02T02:00:22","guid":{"rendered":"https:\/\/ultimato.com.br\/sites\/devocional-diaria\/?p=9455"},"modified":"2022-02-24T11:35:18","modified_gmt":"2022-02-24T13:35:18","slug":"nao-tire-os-olhos-de-jesus-2","status":"publish","type":"post","link":"https:\/\/ultimato.com.br\/sites\/devocional-diaria\/2022\/03\/02\/autor\/elben-cesar\/nao-tire-os-olhos-de-jesus-2\/","title":{"rendered":"N\u00e3o tire os olhos de Jesus"},"content":{"rendered":"<p>Mantenham os olhos em Jesus, que come\u00e7ou e terminou a corrida que\u00a0participamos. (Hb 12.2)\u00a0Voc\u00ea se lembra de Pedro andando sobre as \u00e1guas do mar da Galileia, com\u00a0os olhos fitos em Jesus? Por que, de repente, ele come\u00e7ou a afundar?<\/p>\n<p>A resposta \u00e9 muito simples. Pedro come\u00e7ou a submergir quando \u201csentiu\u00a0o vento\u201d ou quando \u201creparou na for\u00e7a do vento\u201d. Nesse momento, ele mirou\u00a0mais no vento do que em Jesus, mais no problema do que na solu\u00e7\u00e3o, mais\u00a0nas circunst\u00e2ncias do que no Circunstante. O vento n\u00e3o come\u00e7ou a soprar\u00a0depois que o ap\u00f3stolo tirou os p\u00e9s do barco e os p\u00f4s na \u00e1gua. O vento j\u00e1\u00a0vinha soprando forte h\u00e1 algum tempo e j\u00e1 havia formado muitas ondas\u00a0que batiam com for\u00e7a no barco. O vento n\u00e3o era novidade. Bem como a\u00a0escurid\u00e3o da noite, pois ainda faltavam umas duas horas para o sol aparecer\u00a0no horizonte. A praia de onde o barco saiu e a praia para onde o barco ia\u00a0estavam equidistantes. O que provocou o afundamento foi a mudan\u00e7a de\u00a0Pedro, a mudan\u00e7a do olhar, a mudan\u00e7a de atitude. Enfim, a quebra da f\u00e9\u00a0(Mt 14.22-33).<\/p>\n<p>Aproveite essa experi\u00eancia de Pedro em benef\u00edcio pr\u00f3prio. Se voc\u00ea estiver\u00a0rodeado de problemas, n\u00e3o tire os olhos de Jesus. Se o fizer, voc\u00ea ver\u00e1 s\u00f3 o\u00a0perigo, perder\u00e1 o ponto de apoio, ficar\u00e1 sozinho no meio de suas dificuldades\u00a0e come\u00e7ar\u00e1 a afundar. Este \u00e9 um exerc\u00edcio de sobreviv\u00eancia mais espiritual\u00a0do que mental, pois exige f\u00e9, muita e prolongada f\u00e9.<\/p>\n<p>&nbsp;<\/p>\n<p><strong>&gt;&gt; Retirado de\u00a0<a href=\"https:\/\/www.ultimato.com.br\/loja\/produtos\/cuide-das-raizes-espere-pelos-frutos\">Cuide das Ra\u00edzes, Espere pelos Frutos<\/a>, [Elben C\u00e9sar]. Editora Ultimato.<\/strong><\/p>\n<p>Ou\u00e7a as nossas devocionais pelo <a href=\"https:\/\/open.spotify.com\/show\/7CG8DL9dgWZEgPzX3rnk51?si=1dbGejI2TQS16eamNjb2rA\">Spotify<\/a>!<\/p>\n","protected":false},"excerpt":{"rendered":"<p>Mantenham os olhos em Jesus, que come\u00e7ou e terminou a corrida que\u00a0participamos. (Hb 12.2)\u00a0Voc\u00ea se lembra de Pedro andando sobre as \u00e1guas do mar da Galileia, com\u00a0os olhos fitos em Jesus? Por que, de repente, ele come\u00e7ou a afundar? A resposta \u00e9 muito simples. Pedro come\u00e7ou a submergir quando \u201csentiu\u00a0o vento\u201d ou quando \u201creparou na [&hellip;]<\/p>\n","protected":false},"author":21,"featured_media":163,"comment_status":"open","ping_status":"open","sticky":false,"template":"","format":"standard","meta":{"ngg_post_thumbnail":0,"footnotes":""},"categories":[5478],"tags":[],"class_list":["post-9455","post","type-post","status-publish","format-standard","has-post-thumbnail","hentry","category-elben-cesar"],"publishpress_future_action":{"enabled":false,"date":"2026-05-05 09:29:31","action":"change-status","newStatus":"draft","terms":[],"taxonomy":"category","extraData":[]},"publishpress_future_workflow_manual_trigger":{"enabledWorkflows":[]},"_links":{"self":[{"href":"https:\/\/ultimato.com.br\/sites\/devocional-diaria\/wp-json\/wp\/v2\/posts\/9455","targetHints":{"allow":["GET"]}}],"collection":[{"href":"https:\/\/ultimato.com.br\/sites\/devocional-diaria\/wp-json\/wp\/v2\/posts"}],"about":[{"href":"https:\/\/ultimato.com.br\/sites\/devocional-diaria\/wp-json\/wp\/v2\/types\/post"}],"author":[{"embeddable":true,"href":"https:\/\/ultimato.com.br\/sites\/devocional-diaria\/wp-json\/wp\/v2\/users\/21"}],"replies":[{"embeddable":true,"href":"https:\/\/ultimato.com.br\/sites\/devocional-diaria\/wp-json\/wp\/v2\/comments?post=9455"}],"version-history":[{"count":1,"href":"https:\/\/ultimato.com.br\/sites\/devocional-diaria\/wp-json\/wp\/v2\/posts\/9455\/revisions"}],"predecessor-version":[{"id":9456,"href":"https:\/\/ultimato.com.br\/sites\/devocional-diaria\/wp-json\/wp\/v2\/posts\/9455\/revisions\/9456"}],"wp:featuredmedia":[{"embeddable":true,"href":"https:\/\/ultimato.com.br\/sites\/devocional-diaria\/wp-json\/wp\/v2\/media\/163"}],"wp:attachment":[{"href":"https:\/\/ultimato.com.br\/sites\/devocional-diaria\/wp-json\/wp\/v2\/media?parent=9455"}],"wp:term":[{"taxonomy":"category","embeddable":true,"href":"https:\/\/ultimato.com.br\/sites\/devocional-diaria\/wp-json\/wp\/v2\/categories?post=9455"},{"taxonomy":"post_tag","embeddable":true,"href":"https:\/\/ultimato.com.br\/sites\/devocional-diaria\/wp-json\/wp\/v2\/tags?post=9455"}],"curies":[{"name":"wp","href":"https:\/\/api.w.org\/{rel}","templated":true}]}}