{"id":9453,"date":"2022-02-22T00:00:36","date_gmt":"2022-02-22T02:00:36","guid":{"rendered":"https:\/\/ultimato.com.br\/sites\/devocional-diaria\/?p=9453"},"modified":"2022-02-21T17:30:35","modified_gmt":"2022-02-21T19:30:35","slug":"marcas-da-bondade","status":"publish","type":"post","link":"https:\/\/ultimato.com.br\/sites\/devocional-diaria\/2022\/02\/22\/autor\/marcas-da-bondade\/","title":{"rendered":"Marcas da bondade\u00a0"},"content":{"rendered":"<p><span style=\"color: #808000;\"><strong>Por Karen Bomilcar<\/strong><\/span><\/p>\n<p>Todavia, lembro-me tamb\u00e9m do que pode dar-me esperan\u00e7a:\u00a0Gra\u00e7as ao grande amor do Senhor \u00e9 que n\u00e3o somos consumidos, pois as suas\u00a0miseric\u00f3rdias s\u00e3o inesgot\u00e1veis. Renovam-se cada manh\u00e3; grande \u00e9 a tua fidelidade!\u00a0[Lamenta\u00e7\u00f5es 3.21-23]<\/p>\n<p>A caminhada de f\u00e9 tamb\u00e9m consiste no exerc\u00edcio de olhar para os marcos\u00a0da trajet\u00f3ria que j\u00e1 passaram, revisitar a hist\u00f3ria. Enxergar com maior clareza,\u00a0mesmo sem total compreens\u00e3o, a estrada pela qual o Autor da vida o conduziu\u00a0para que voc\u00ea chegasse at\u00e9 aqui. \u00c9 fundamental recordar que ele \u00e9 um am\u00e1vel\u00a0doador de sonhos, que esteve sempre presente amando-o e cuidando de voc\u00ea\u00a0mesmo quando voc\u00ea soltou a m\u00e3o dele ou correu apressado por atalhos\u00a0enquanto pesadelos o assolavam.<\/p>\n<p>Trazer \u00e0 mem\u00f3ria o que d\u00e1 esperan\u00e7a nos faz perceber a bondade e fidelidade\u00a0que nos seguem diariamente, bondade e esperan\u00e7a que est\u00e3o aqui hoje,\u00a0nutrindo a jornada de f\u00e9, ainda que os pr\u00f3ximos passos sejam desconhecidos.\u00a0O essencial permanece: a promessa da companhia e amizade infal\u00edvel de\u00a0quem criou voc\u00ea; o amor com o qual o redimiu; a liberdade e criatividade\u00a0com as quais o presenteou; a realidade de depender dele, pois sabe o que \u00e9\u00a0melhor; o presente da interdepend\u00eancia com o pr\u00f3ximo; a responsabilidade\u00a0e o privil\u00e9gio de participar dos sonhos dele no reino.<\/p>\n<p>Obrigada, Senhor, por tua presen\u00e7a constante ao longo de nossa caminhada.\u00a0D\u00e1-nos um cora\u00e7\u00e3o cheio de gratid\u00e3o e faze de nossa vida uma resposta ao\u00a0teu amor.<\/p>\n<p><strong>&gt;&gt; Retirado de\u00a0<a href=\"https:\/\/www.ultimato.com.br\/loja\/produtos\/refeicoes-diarias-celebrando-a-reconciliacao\">Refei\u00e7\u00f5es Di\u00e1rias \u2013 Celebrando a Reconcilia\u00e7\u00e3o<\/a>. Editora Ultimato.<\/strong><\/p>\n<p>Ou\u00e7a as nossas devocionais pelo <a href=\"https:\/\/open.spotify.com\/show\/7CG8DL9dgWZEgPzX3rnk51?si=1dbGejI2TQS16eamNjb2rA\">Spotify<\/a>!<\/p>\n","protected":false},"excerpt":{"rendered":"<p>Por Karen Bomilcar Todavia, lembro-me tamb\u00e9m do que pode dar-me esperan\u00e7a:\u00a0Gra\u00e7as ao grande amor do Senhor \u00e9 que n\u00e3o somos consumidos, pois as suas\u00a0miseric\u00f3rdias s\u00e3o inesgot\u00e1veis. Renovam-se cada manh\u00e3; grande \u00e9 a tua fidelidade!\u00a0[Lamenta\u00e7\u00f5es 3.21-23] A caminhada de f\u00e9 tamb\u00e9m consiste no exerc\u00edcio de olhar para os marcos\u00a0da trajet\u00f3ria que j\u00e1 passaram, revisitar a hist\u00f3ria. [&hellip;]<\/p>\n","protected":false},"author":21,"featured_media":164,"comment_status":"open","ping_status":"open","sticky":false,"template":"","format":"standard","meta":{"ngg_post_thumbnail":0,"footnotes":""},"categories":[5244],"tags":[],"class_list":["post-9453","post","type-post","status-publish","format-standard","has-post-thumbnail","hentry","category-autor"],"publishpress_future_action":{"enabled":false,"date":"2026-05-05 03:52:44","action":"change-status","newStatus":"draft","terms":[],"taxonomy":"category","extraData":[]},"publishpress_future_workflow_manual_trigger":{"enabledWorkflows":[]},"_links":{"self":[{"href":"https:\/\/ultimato.com.br\/sites\/devocional-diaria\/wp-json\/wp\/v2\/posts\/9453","targetHints":{"allow":["GET"]}}],"collection":[{"href":"https:\/\/ultimato.com.br\/sites\/devocional-diaria\/wp-json\/wp\/v2\/posts"}],"about":[{"href":"https:\/\/ultimato.com.br\/sites\/devocional-diaria\/wp-json\/wp\/v2\/types\/post"}],"author":[{"embeddable":true,"href":"https:\/\/ultimato.com.br\/sites\/devocional-diaria\/wp-json\/wp\/v2\/users\/21"}],"replies":[{"embeddable":true,"href":"https:\/\/ultimato.com.br\/sites\/devocional-diaria\/wp-json\/wp\/v2\/comments?post=9453"}],"version-history":[{"count":1,"href":"https:\/\/ultimato.com.br\/sites\/devocional-diaria\/wp-json\/wp\/v2\/posts\/9453\/revisions"}],"predecessor-version":[{"id":9454,"href":"https:\/\/ultimato.com.br\/sites\/devocional-diaria\/wp-json\/wp\/v2\/posts\/9453\/revisions\/9454"}],"wp:featuredmedia":[{"embeddable":true,"href":"https:\/\/ultimato.com.br\/sites\/devocional-diaria\/wp-json\/wp\/v2\/media\/164"}],"wp:attachment":[{"href":"https:\/\/ultimato.com.br\/sites\/devocional-diaria\/wp-json\/wp\/v2\/media?parent=9453"}],"wp:term":[{"taxonomy":"category","embeddable":true,"href":"https:\/\/ultimato.com.br\/sites\/devocional-diaria\/wp-json\/wp\/v2\/categories?post=9453"},{"taxonomy":"post_tag","embeddable":true,"href":"https:\/\/ultimato.com.br\/sites\/devocional-diaria\/wp-json\/wp\/v2\/tags?post=9453"}],"curies":[{"name":"wp","href":"https:\/\/api.w.org\/{rel}","templated":true}]}}