{"id":9450,"date":"2022-02-13T00:00:16","date_gmt":"2022-02-13T02:00:16","guid":{"rendered":"https:\/\/ultimato.com.br\/sites\/devocional-diaria\/?p=9450"},"modified":"2022-02-11T16:27:17","modified_gmt":"2022-02-11T18:27:17","slug":"discipline-o-seu-tempo-2","status":"publish","type":"post","link":"https:\/\/ultimato.com.br\/sites\/devocional-diaria\/2022\/02\/13\/autor\/stanley-jones\/discipline-o-seu-tempo-2\/","title":{"rendered":"Discipline o seu tempo"},"content":{"rendered":"<p>Ef\u00e9sios 5.15-18; 1 Tessalonicenses 5.14<\/p>\n<p>Se na discuss\u00e3o do \u00faltimo ponto da disciplina \u2013 voc\u00ea\u00a0deve se disciplinar para completar as tarefas \u2013, voc\u00ea pensar assim: \u201cBem, eu n\u00e3o\u00a0tenho tempo para isso\u201d, ent\u00e3o a resposta para voc\u00ea deve ser esta: discipline o seu\u00a0tempo. Se voc\u00ea de fato n\u00e3o tem tempo para isso, ent\u00e3o n\u00e3o deve faz\u00ea-lo; n\u00e3o \u00e9 sua\u00a0tarefa. Voc\u00ea deve se exercitar no dever de nunca rejeitar a pr\u00e1tica do bem. Voc\u00ea\u00a0n\u00e3o deve colocar muita comida no prato para n\u00e3o deixar sobras.<\/p>\n<p>Mas talvez a verdadeira dificuldade seja que voc\u00ea n\u00e3o aproveita bem o tempo\u00a0que tem. Seu tempo \u00e9 indisciplinado. Voc\u00ea continua em conversas muito tempo\u00a0depois de j\u00e1 terem deixado de ser interessantes; pois falta intelig\u00eancia \u00e0 maioria\u00a0das conversas depois de meia hora! Voc\u00ea n\u00e3o lida com suas tarefas de uma vez por\u00a0todas e se livra delas. Voc\u00ea sonha acordado em vez de pensar; voc\u00ea perde tempo\u00a0em vez de realizar. Voc\u00ea desperdi\u00e7a horas em jogos que deveriam ser distra\u00e7\u00f5es,\u00a0mas que consomem voc\u00ea e o seu tempo.<\/p>\n<p>O tempo \u00e9 a oportunidade destilada. N\u00e3o o desperdice, pois, ao fazer isso, voc\u00ea\u00a0acaba por desperdi\u00e7ar a si mesmo. Cada momento perdido \u00e9 uma grande parte\u00a0de voc\u00ea que \u00e9 inutilizada. Calcule o seu tempo. Planeje o seu trabalho e trabalhe\u00a0o seu planejamento.<\/p>\n<p>N\u00e3o esteja sempre correndo para tentar acompanhar as suas tarefas; atenha-se\u00a0a elas e procure antecip\u00e1-las. Vi uma placa que dizia: \u201cN\u00e3o escreva \u2013 ligue\u201d. Eu\u00a0inverteria: \u201cN\u00e3o ligue \u2013 escreva\u201d, pois isso significaria que voc\u00ea se antecipou, percebeu\u00a0que algo aconteceria, considerou-o antes do tempo, em vez de esperar at\u00e9 o\u00a0\u00faltimo minuto e ligar \u00e0s pressas, investindo mais do que deveria. Uma pessoa assim\u00a0est\u00e1 sempre transtornada e acaba por transtornar os outros tamb\u00e9m, exigindo que\u00a0corrijam suas procrastina\u00e7\u00f5es, respondendo aos seus pedidos desesperados com\u00a0uma resposta desesperada.<\/p>\n<p>O Homem que mais influenciou o mundo foi o Homem de cora\u00e7\u00e3o tranquilo.<\/p>\n<p>Um garotinho, atrasado para a escola, pediu a Deus que o ajudasse a chegar\u00a0na hora. Ele correu, trope\u00e7ou e disse sem f\u00f4lego: \u201cDeus, eu pedi que me ajudasse,\u00a0mas n\u00e3o precisava me empurrar\u201d. N\u00e3o deixe seus trabalhos o empurrarem; voc\u00ea\u00a0trope\u00e7ar\u00e1 se isso acontecer. Discipline o seu tempo.<\/p>\n<p><em>\u00d3 Cristo, quando olho para ti, vejo que nunca tiveste pressa, nunca correste, mas sempre\u00a0tiveste tempo para as necessidades urgentes do dia. D\u00e1-me essa vida disciplinada e\u00a0equilibrada, sempre com tempo para as coisas que importam, pois eu gostaria de ser uma\u00a0pessoa disciplinada. Am\u00e9m.\u00a0<\/em><\/p>\n<p>Afirma\u00e7\u00e3o do dia: \u201cAquele que crer [em Deus] n\u00e3o se apresse\u201d (Is 28.16, ARC).<strong>\u00a0<\/strong><\/p>\n<p><strong>\u00a0<\/strong><\/p>\n<p><strong>&gt;&gt; Retirado de\u00a0<a href=\"https:\/\/www.ultimato.com.br\/loja\/produtos\/o-caminho\">O Caminho<\/a> [Stanley Jones]. Editora Ultimato.<\/strong><\/p>\n","protected":false},"excerpt":{"rendered":"<p>Ef\u00e9sios 5.15-18; 1 Tessalonicenses 5.14 Se na discuss\u00e3o do \u00faltimo ponto da disciplina \u2013 voc\u00ea\u00a0deve se disciplinar para completar as tarefas \u2013, voc\u00ea pensar assim: \u201cBem, eu n\u00e3o\u00a0tenho tempo para isso\u201d, ent\u00e3o a resposta para voc\u00ea deve ser esta: discipline o seu\u00a0tempo. Se voc\u00ea de fato n\u00e3o tem tempo para isso, ent\u00e3o n\u00e3o deve faz\u00ea-lo; [&hellip;]<\/p>\n","protected":false},"author":21,"featured_media":166,"comment_status":"open","ping_status":"open","sticky":false,"template":"","format":"standard","meta":{"ngg_post_thumbnail":0,"footnotes":""},"categories":[40852],"tags":[],"class_list":["post-9450","post","type-post","status-publish","format-standard","has-post-thumbnail","hentry","category-stanley-jones"],"publishpress_future_action":{"enabled":false,"date":"2026-05-05 04:08:17","action":"change-status","newStatus":"draft","terms":[],"taxonomy":"category","extraData":[]},"publishpress_future_workflow_manual_trigger":{"enabledWorkflows":[]},"_links":{"self":[{"href":"https:\/\/ultimato.com.br\/sites\/devocional-diaria\/wp-json\/wp\/v2\/posts\/9450","targetHints":{"allow":["GET"]}}],"collection":[{"href":"https:\/\/ultimato.com.br\/sites\/devocional-diaria\/wp-json\/wp\/v2\/posts"}],"about":[{"href":"https:\/\/ultimato.com.br\/sites\/devocional-diaria\/wp-json\/wp\/v2\/types\/post"}],"author":[{"embeddable":true,"href":"https:\/\/ultimato.com.br\/sites\/devocional-diaria\/wp-json\/wp\/v2\/users\/21"}],"replies":[{"embeddable":true,"href":"https:\/\/ultimato.com.br\/sites\/devocional-diaria\/wp-json\/wp\/v2\/comments?post=9450"}],"version-history":[{"count":1,"href":"https:\/\/ultimato.com.br\/sites\/devocional-diaria\/wp-json\/wp\/v2\/posts\/9450\/revisions"}],"predecessor-version":[{"id":9451,"href":"https:\/\/ultimato.com.br\/sites\/devocional-diaria\/wp-json\/wp\/v2\/posts\/9450\/revisions\/9451"}],"wp:featuredmedia":[{"embeddable":true,"href":"https:\/\/ultimato.com.br\/sites\/devocional-diaria\/wp-json\/wp\/v2\/media\/166"}],"wp:attachment":[{"href":"https:\/\/ultimato.com.br\/sites\/devocional-diaria\/wp-json\/wp\/v2\/media?parent=9450"}],"wp:term":[{"taxonomy":"category","embeddable":true,"href":"https:\/\/ultimato.com.br\/sites\/devocional-diaria\/wp-json\/wp\/v2\/categories?post=9450"},{"taxonomy":"post_tag","embeddable":true,"href":"https:\/\/ultimato.com.br\/sites\/devocional-diaria\/wp-json\/wp\/v2\/tags?post=9450"}],"curies":[{"name":"wp","href":"https:\/\/api.w.org\/{rel}","templated":true}]}}