{"id":9447,"date":"2022-02-12T00:00:23","date_gmt":"2022-02-12T02:00:23","guid":{"rendered":"https:\/\/ultimato.com.br\/sites\/devocional-diaria\/?p=9447"},"modified":"2022-02-11T16:11:52","modified_gmt":"2022-02-11T18:11:52","slug":"praticas-religiosas-4","status":"publish","type":"post","link":"https:\/\/ultimato.com.br\/sites\/devocional-diaria\/2022\/02\/12\/autor\/praticas-religiosas-4\/","title":{"rendered":"Pr\u00e1ticas religiosas"},"content":{"rendered":"<p>Tenham o cuidado de n\u00e3o praticar suas \u201cobras de justi\u00e7a\u201d diante dos outros para serem vistos por eles. (Mateus 6.1)<\/p>\n<p>Jesus evidentemente presumiu que seus disc\u00edpulos se engajariam nas pr\u00e1ticas comuns da doa\u00e7\u00e3o, da ora\u00e7\u00e3o e do jejum, pois esse trio de obriga\u00e7\u00f5es religiosas expressa nossa obriga\u00e7\u00e3o para com Deus (ora\u00e7\u00e3o), os outros (doa\u00ad\u00e7\u00e3o) e conosco (jejum). Os tr\u00eas par\u00e1grafos no in\u00edcio do cap\u00edtulo 6 de Mateus seguem um padr\u00e3o id\u00eantico. Por meio de uma ilustra\u00e7\u00e3o v\u00edvida e espirituosa, Jesus pinta um quadro de hip\u00f3critas que praticam sua piedade diante dos homens a fim de serem aplaudidos por eles. Se voc\u00ea fizer isso, diz ele, ter\u00e1 recebido sua recompensa por completo, a saber, o aplauso que tanto deseja. Ao contr\u00e1rio, pratique sua piedade em segredo, pois assim seu Pai celestial que v\u00ea em secreto ir\u00e1 lhe recompensar.<\/p>\n<p>O primeiro exemplo de Jesus \u00e9 a doa\u00e7\u00e3o. Ele retrata um fariseu pomposo a caminho de fazer sua doa\u00e7\u00e3o. Diante dele marcham os tocadores de trombeta, conduzindo uma fanfarra, ansiosos por juntar uma plateia, pois o hip\u00f3crita \u00e9 um ator envolvido em uma apresenta\u00e7\u00e3o teatral. Ao contr\u00e1rio, n\u00e3o deixe que sua m\u00e3o esquerda saiba aquilo que a direita est\u00e1 fazendo. Ou seja, n\u00e3o devemos nem sequer estar autoconscientes ao ofertar, ponderando sobre a doa\u00e7\u00e3o com esp\u00edrito de vangl\u00f3ria.<\/p>\n<p>O segundo exemplo de Jesus \u00e9 a ora\u00e7\u00e3o. N\u00e3o devemos fazer alarde de nossos h\u00e1bitos de ora\u00e7\u00e3o, mas devemos entrar em nosso quarto, fechar a porta e orar ao nosso Pai em secreto. Nada destr\u00f3i mais a ora\u00e7\u00e3o que olhares de soslaio para espectadores humanos, do mesmo modo que nada a enriquece mais que um sentimento de que Deus a est\u00e1 ouvindo. Nosso Pai nos recompensar\u00e1 \u2013 n\u00e3o com alguma recompensa inadequada, mas com aquilo que mais desejamos, a saber, o acesso \u00e0 sua presen\u00e7a.<\/p>\n<p>O terceiro exemplo de Jesus \u00e9 o jejum, que ele tomou como certo em seus dis\u00adc\u00edpulos. A B\u00edblia sugere que o jejum n\u00e3o deve ser uma pr\u00e1tica isolada, mas deve estar associado ao arrependimento, \u00e0 autodisciplina, \u00e0 preocupa\u00e7\u00e3o com os famintos e a tempos espec\u00edficos de ora\u00e7\u00e3o para necessidades especiais. Quando jejuamos, n\u00e3o devemos adotar uma postura sombria ou desfigurar o rosto, mas sim agir normalmente, para que ningu\u00e9m suspeite que estamos jejuando.<\/p>\n<p>O contraste \u00e9 gritante. A piedade farisaica \u00e9 ostentadora, motivada pela vaidade e recompensada pelos homens; a piedade crist\u00e3 \u00e9 secreta, motivada pela humildade e recompensada por Deus.<\/p>\n<p>Para saber mais: Mateus 6.1-18<strong>\u00a0<\/strong><\/p>\n<p><strong>\u00a0<\/strong><\/p>\n<p><strong>&gt;&gt; Retirado de\u00a0<a href=\"https:\/\/www.ultimato.com.br\/loja\/produtos\/a-biblia-toda-o-ano-todo-1\">A B\u00edblia Toda, o Ano Todo<\/a>\u00a0[John Stott]. Editora Ultimato.<\/strong><\/p>\n","protected":false},"excerpt":{"rendered":"<p>Tenham o cuidado de n\u00e3o praticar suas \u201cobras de justi\u00e7a\u201d diante dos outros para serem vistos por eles. (Mateus 6.1) Jesus evidentemente presumiu que seus disc\u00edpulos se engajariam nas pr\u00e1ticas comuns da doa\u00e7\u00e3o, da ora\u00e7\u00e3o e do jejum, pois esse trio de obriga\u00e7\u00f5es religiosas expressa nossa obriga\u00e7\u00e3o para com Deus (ora\u00e7\u00e3o), os outros (doa\u00ad\u00e7\u00e3o) e [&hellip;]<\/p>\n","protected":false},"author":21,"featured_media":157,"comment_status":"open","ping_status":"open","sticky":false,"template":"","format":"standard","meta":{"ngg_post_thumbnail":0,"footnotes":""},"categories":[5244],"tags":[],"class_list":["post-9447","post","type-post","status-publish","format-standard","has-post-thumbnail","hentry","category-autor"],"publishpress_future_action":{"enabled":false,"date":"2026-05-05 02:41:59","action":"change-status","newStatus":"draft","terms":[],"taxonomy":"category","extraData":[]},"publishpress_future_workflow_manual_trigger":{"enabledWorkflows":[]},"_links":{"self":[{"href":"https:\/\/ultimato.com.br\/sites\/devocional-diaria\/wp-json\/wp\/v2\/posts\/9447","targetHints":{"allow":["GET"]}}],"collection":[{"href":"https:\/\/ultimato.com.br\/sites\/devocional-diaria\/wp-json\/wp\/v2\/posts"}],"about":[{"href":"https:\/\/ultimato.com.br\/sites\/devocional-diaria\/wp-json\/wp\/v2\/types\/post"}],"author":[{"embeddable":true,"href":"https:\/\/ultimato.com.br\/sites\/devocional-diaria\/wp-json\/wp\/v2\/users\/21"}],"replies":[{"embeddable":true,"href":"https:\/\/ultimato.com.br\/sites\/devocional-diaria\/wp-json\/wp\/v2\/comments?post=9447"}],"version-history":[{"count":1,"href":"https:\/\/ultimato.com.br\/sites\/devocional-diaria\/wp-json\/wp\/v2\/posts\/9447\/revisions"}],"predecessor-version":[{"id":9449,"href":"https:\/\/ultimato.com.br\/sites\/devocional-diaria\/wp-json\/wp\/v2\/posts\/9447\/revisions\/9449"}],"wp:featuredmedia":[{"embeddable":true,"href":"https:\/\/ultimato.com.br\/sites\/devocional-diaria\/wp-json\/wp\/v2\/media\/157"}],"wp:attachment":[{"href":"https:\/\/ultimato.com.br\/sites\/devocional-diaria\/wp-json\/wp\/v2\/media?parent=9447"}],"wp:term":[{"taxonomy":"category","embeddable":true,"href":"https:\/\/ultimato.com.br\/sites\/devocional-diaria\/wp-json\/wp\/v2\/categories?post=9447"},{"taxonomy":"post_tag","embeddable":true,"href":"https:\/\/ultimato.com.br\/sites\/devocional-diaria\/wp-json\/wp\/v2\/tags?post=9447"}],"curies":[{"name":"wp","href":"https:\/\/api.w.org\/{rel}","templated":true}]}}