{"id":9430,"date":"2022-02-18T00:00:29","date_gmt":"2022-02-18T02:00:29","guid":{"rendered":"https:\/\/ultimato.com.br\/sites\/devocional-diaria\/?p=9430"},"modified":"2022-02-11T09:48:44","modified_gmt":"2022-02-11T11:48:44","slug":"ele-chorou-como-nos","status":"publish","type":"post","link":"https:\/\/ultimato.com.br\/sites\/devocional-diaria\/2022\/02\/18\/autor\/elben-cesar\/ele-chorou-como-nos\/","title":{"rendered":"Ele chorou como n\u00f3s\u00a0"},"content":{"rendered":"<p>N\u00e3o chore. Olhe \u2013 o Le\u00e3o da Tribo de Jud\u00e1, a Raiz da \u00c1rvore de Davi,\u00a0venceu. (Ap 5.5)<\/p>\n<p>Jesus chorou. Chorou por ver Maria e Marta chorando a morte de L\u00e1zaro\u00a0(Jo 11.35). Chorou por saber da destrui\u00e7\u00e3o de Jerusal\u00e9m (Lc 19.41). Chorou por\u00a0causa de seu pr\u00f3prio sofrimento no Gets\u00eamani (Mt 26.38; Lc 22.44; Hb 5.7).<\/p>\n<p>Isto quer dizer que Jesus entende o choro. Ele sabe o que \u00e9 chorar. Ele\u00a0sabe o que leva ao choro. Ele sabe o que fazer na hora do choro: \u201cEstando em\u00a0agonia, orava mais intensamente\u201d (Lc 22.44). Ele conhece a for\u00e7a do conforto\u00a0que vem de cima: \u201cEnt\u00e3o lhe apareceu um anjo do c\u00e9u que o confortava\u201d\u00a0(Lc 22.43). Ele sabe chorar com os que choram (Rm 12.15). Ele sabe parar o\u00a0choro (Ap 5.5). Ele sabe remover o choro por engano, como, por exemplo, o\u00a0choro de Maria Madalena, quando encontrou o t\u00famulo de Jos\u00e9 de Arimateia\u00a0vazio: \u201cMulher, por que choras?\u201d (Jo 20.15). Ele sabe dizer amavelmente: \u201cBem-aventurados\u00a0os que choram, porque ser\u00e3o consolados\u201d (Mt 5.4).<\/p>\n<p>Se o problema \u00e9 choro, em Jesus voc\u00ea pode confiar.<\/p>\n<p>&nbsp;<\/p>\n<p><strong>&gt;&gt; Retirado de\u00a0<a href=\"https:\/\/www.ultimato.com.br\/loja\/produtos\/cuide-das-raizes-espere-pelos-frutos\">Cuide das Ra\u00edzes, Espere pelos Frutos<\/a>, [Elben C\u00e9sar]. Editora Ultimato.<\/strong><\/p>\n<p>Ou\u00e7a as nossas devocionais pelo <a href=\"https:\/\/open.spotify.com\/show\/7CG8DL9dgWZEgPzX3rnk51?si=1dbGejI2TQS16eamNjb2rA\">Spotify<\/a>!<\/p>\n","protected":false},"excerpt":{"rendered":"<p>N\u00e3o chore. Olhe \u2013 o Le\u00e3o da Tribo de Jud\u00e1, a Raiz da \u00c1rvore de Davi,\u00a0venceu. (Ap 5.5) Jesus chorou. Chorou por ver Maria e Marta chorando a morte de L\u00e1zaro\u00a0(Jo 11.35). Chorou por saber da destrui\u00e7\u00e3o de Jerusal\u00e9m (Lc 19.41). Chorou por\u00a0causa de seu pr\u00f3prio sofrimento no Gets\u00eamani (Mt 26.38; Lc 22.44; Hb 5.7). [&hellip;]<\/p>\n","protected":false},"author":21,"featured_media":161,"comment_status":"open","ping_status":"open","sticky":false,"template":"","format":"standard","meta":{"ngg_post_thumbnail":0,"footnotes":""},"categories":[5478],"tags":[],"class_list":["post-9430","post","type-post","status-publish","format-standard","has-post-thumbnail","hentry","category-elben-cesar"],"publishpress_future_action":{"enabled":false,"date":"2026-05-05 02:20:32","action":"change-status","newStatus":"draft","terms":[],"taxonomy":"category","extraData":[]},"publishpress_future_workflow_manual_trigger":{"enabledWorkflows":[]},"_links":{"self":[{"href":"https:\/\/ultimato.com.br\/sites\/devocional-diaria\/wp-json\/wp\/v2\/posts\/9430","targetHints":{"allow":["GET"]}}],"collection":[{"href":"https:\/\/ultimato.com.br\/sites\/devocional-diaria\/wp-json\/wp\/v2\/posts"}],"about":[{"href":"https:\/\/ultimato.com.br\/sites\/devocional-diaria\/wp-json\/wp\/v2\/types\/post"}],"author":[{"embeddable":true,"href":"https:\/\/ultimato.com.br\/sites\/devocional-diaria\/wp-json\/wp\/v2\/users\/21"}],"replies":[{"embeddable":true,"href":"https:\/\/ultimato.com.br\/sites\/devocional-diaria\/wp-json\/wp\/v2\/comments?post=9430"}],"version-history":[{"count":1,"href":"https:\/\/ultimato.com.br\/sites\/devocional-diaria\/wp-json\/wp\/v2\/posts\/9430\/revisions"}],"predecessor-version":[{"id":9431,"href":"https:\/\/ultimato.com.br\/sites\/devocional-diaria\/wp-json\/wp\/v2\/posts\/9430\/revisions\/9431"}],"wp:featuredmedia":[{"embeddable":true,"href":"https:\/\/ultimato.com.br\/sites\/devocional-diaria\/wp-json\/wp\/v2\/media\/161"}],"wp:attachment":[{"href":"https:\/\/ultimato.com.br\/sites\/devocional-diaria\/wp-json\/wp\/v2\/media?parent=9430"}],"wp:term":[{"taxonomy":"category","embeddable":true,"href":"https:\/\/ultimato.com.br\/sites\/devocional-diaria\/wp-json\/wp\/v2\/categories?post=9430"},{"taxonomy":"post_tag","embeddable":true,"href":"https:\/\/ultimato.com.br\/sites\/devocional-diaria\/wp-json\/wp\/v2\/tags?post=9430"}],"curies":[{"name":"wp","href":"https:\/\/api.w.org\/{rel}","templated":true}]}}