{"id":943,"date":"2013-12-03T00:00:07","date_gmt":"2013-12-03T03:00:07","guid":{"rendered":"http:\/\/ultimato.com.br\/sites\/devocional-diaria\/?p=943"},"modified":"2013-11-29T16:36:49","modified_gmt":"2013-11-29T19:36:49","slug":"nao-se-esqueca-da-manjedoura","status":"publish","type":"post","link":"https:\/\/ultimato.com.br\/sites\/devocional-diaria\/2013\/12\/03\/autor\/elben-cesar\/nao-se-esqueca-da-manjedoura\/","title":{"rendered":"N\u00e3o se esque\u00e7a da manjedoura"},"content":{"rendered":"<p><em>[Maria] envolveu a crian\u00e7a em panos e a colocou numa manjedoura,\u00a0porque n\u00e3o havia lugar para eles na hospedaria. [Lucas 2.7, AS21]<\/em><br \/>\nQuando o Filho de Deus se tornou visivelmente Filho do Homem, onde o colocaram? Quando o Filho do Homem estava morrendo de sono, em que cama dormiu? Quando o Filho de Deus precisou de um transporte para acabar de entrar em Jerusal\u00e9m, qual foi a provid\u00eancia tomada? Quando o Filho do Homem foi coroado rei, que coroa foi colocada em sua cabe\u00e7a? Quando o Filho de Deus completou o trabalho que tinha a fazer, o que o poder religioso e o poder pol\u00edtico lhe ofereceram?<br \/>\nResponda a essas perguntas e me diga mais uma coisa: o que eu fiz logo no in\u00edcio do encontro com meus disc\u00edpulos no Cen\u00e1culo, em Jerusal\u00e9m, antes de celebrar a P\u00e1scoa e antes de instituir a Ceia?<br \/>\nSe eu, o Filho de Deus, o Senhor e Mestre, lavei os p\u00e9s dos disc\u00edpulos, ent\u00e3o voc\u00ea deve fazer o mesmo. Eu dei o exemplo, para que voc\u00ea fa\u00e7a o que eu fiz (Jo 13.14-15). Tenha uma vida modesta, discreta, sem pompa, sem regalias. N\u00e3o se esque\u00e7a da manjedoura.<br \/>\n\u2014 N\u00e3o me esquecerei da manjedoura, do jumentinho, da coroa de espinhos nem da cruz!<br \/>\n&gt;&gt; Retirado de Refei\u00e7\u00f5es Di\u00e1rias com Jesus. Editora Ultimato.<\/p>\n","protected":false},"excerpt":{"rendered":"<p>[Maria] envolveu a crian\u00e7a em panos e a colocou numa manjedoura,\u00a0porque n\u00e3o havia lugar para eles na hospedaria. [Lucas 2.7, AS21] Quando o Filho de Deus se tornou visivelmente Filho do Homem, onde o colocaram? Quando o Filho do Homem estava morrendo de sono, em que cama dormiu? Quando o Filho de Deus precisou de [&hellip;]<\/p>\n","protected":false},"author":6,"featured_media":164,"comment_status":"open","ping_status":"open","sticky":false,"template":"","format":"standard","meta":{"ngg_post_thumbnail":0,"footnotes":""},"categories":[5478],"tags":[],"class_list":["post-943","post","type-post","status-publish","format-standard","has-post-thumbnail","hentry","category-elben-cesar"],"publishpress_future_action":{"enabled":false,"date":"2026-05-07 18:46:09","action":"change-status","newStatus":"draft","terms":[],"taxonomy":"category","extraData":[]},"publishpress_future_workflow_manual_trigger":{"enabledWorkflows":[]},"_links":{"self":[{"href":"https:\/\/ultimato.com.br\/sites\/devocional-diaria\/wp-json\/wp\/v2\/posts\/943","targetHints":{"allow":["GET"]}}],"collection":[{"href":"https:\/\/ultimato.com.br\/sites\/devocional-diaria\/wp-json\/wp\/v2\/posts"}],"about":[{"href":"https:\/\/ultimato.com.br\/sites\/devocional-diaria\/wp-json\/wp\/v2\/types\/post"}],"author":[{"embeddable":true,"href":"https:\/\/ultimato.com.br\/sites\/devocional-diaria\/wp-json\/wp\/v2\/users\/6"}],"replies":[{"embeddable":true,"href":"https:\/\/ultimato.com.br\/sites\/devocional-diaria\/wp-json\/wp\/v2\/comments?post=943"}],"version-history":[{"count":1,"href":"https:\/\/ultimato.com.br\/sites\/devocional-diaria\/wp-json\/wp\/v2\/posts\/943\/revisions"}],"predecessor-version":[{"id":944,"href":"https:\/\/ultimato.com.br\/sites\/devocional-diaria\/wp-json\/wp\/v2\/posts\/943\/revisions\/944"}],"wp:featuredmedia":[{"embeddable":true,"href":"https:\/\/ultimato.com.br\/sites\/devocional-diaria\/wp-json\/wp\/v2\/media\/164"}],"wp:attachment":[{"href":"https:\/\/ultimato.com.br\/sites\/devocional-diaria\/wp-json\/wp\/v2\/media?parent=943"}],"wp:term":[{"taxonomy":"category","embeddable":true,"href":"https:\/\/ultimato.com.br\/sites\/devocional-diaria\/wp-json\/wp\/v2\/categories?post=943"},{"taxonomy":"post_tag","embeddable":true,"href":"https:\/\/ultimato.com.br\/sites\/devocional-diaria\/wp-json\/wp\/v2\/tags?post=943"}],"curies":[{"name":"wp","href":"https:\/\/api.w.org\/{rel}","templated":true}]}}