{"id":9428,"date":"2022-02-17T00:00:09","date_gmt":"2022-02-17T02:00:09","guid":{"rendered":"https:\/\/ultimato.com.br\/sites\/devocional-diaria\/?p=9428"},"modified":"2022-02-11T12:50:04","modified_gmt":"2022-02-11T14:50:04","slug":"deus-e-bom","status":"publish","type":"post","link":"https:\/\/ultimato.com.br\/sites\/devocional-diaria\/2022\/02\/17\/autor\/deus-e-bom\/","title":{"rendered":"Deus \u00e9 bom\u00a0"},"content":{"rendered":"<p>E Deus respondeu: \u201cDiante de voc\u00ea farei passar toda a minha bondade, e diante de voc\u00ea proclamarei o meu nome: o Senhor\u201d. (\u00caxodo 33.19)<\/p>\n<p>Quando os escritores da B\u00edblia afirmam que Deus \u00e9 \u201cbom\u201d, em termos gerais, est\u00e3o pensando em todas as qua\u00adlidades morais que motivam os fi\u00e9is a cham\u00e1-lo de perfeito. Em termos espec\u00edficos, eles est\u00e3o se referindo \u00e0 generosidade de Deus que os leva a cham\u00e1-lo de misericordioso e gracioso e a falar do seu amor. Quando Deus apareceu a Mois\u00e9s no Sinai, o que este disse foi: \u201cSenhor, Senhor, Deus compassivo e misericordioso, paciente, cheio de amor e de fidelidade que mant\u00e9m o seu amor a milhares e perdoa a maldade, a rebeli\u00e3o e o pecado\u201d (\u00cax 34.6-7).<\/p>\n<p>As qualidades espec\u00edficas mencionadas aqui e tudo que as acompanha (a fidelidade e a integridade de Deus; sua justi\u00e7a infal\u00edvel e sabedoria; sua ternura, paci\u00eancia e plena sufici\u00eancia para ajudar a todo que o busca arrependido; sua bondade em proporcionar aos que creem um futuro de comunh\u00e3o com ele em santidade e amor) constituem a bondade de Deus, no sentido da soma de todas as suas excel\u00eancias reveladas.<\/p>\n<p><strong>Para orar: <\/strong>Fa\u00e7a uma lista de todas as express\u00f5es da bondade de Deus mencionadas acima. Depois fa\u00e7a uma ora\u00e7\u00e3o de adora\u00e7\u00e3o a Deus com base nessa lista.<strong>\u00a0<\/strong><\/p>\n<p>&nbsp;<\/p>\n<p><strong>&gt;&gt; Retirado de\u00a0<\/strong><strong><a href=\"https:\/\/www.ultimato.com.br\/loja\/produtos\/conhecendo-a-deus-ao-longo-do-ano\">Conhecendo a Deus ao Longo do Ano<\/a><\/strong><strong> [J. I. Packer]<\/strong><strong>. Editora Ultimato.<\/strong><\/p>\n<p>Ou\u00e7a as nossas devocionais pelo <a href=\"https:\/\/open.spotify.com\/show\/7CG8DL9dgWZEgPzX3rnk51?si=1dbGejI2TQS16eamNjb2rA\">Spotify<\/a>!<\/p>\n","protected":false},"excerpt":{"rendered":"<p>E Deus respondeu: \u201cDiante de voc\u00ea farei passar toda a minha bondade, e diante de voc\u00ea proclamarei o meu nome: o Senhor\u201d. (\u00caxodo 33.19) Quando os escritores da B\u00edblia afirmam que Deus \u00e9 \u201cbom\u201d, em termos gerais, est\u00e3o pensando em todas as qua\u00adlidades morais que motivam os fi\u00e9is a cham\u00e1-lo de perfeito. Em termos espec\u00edficos, [&hellip;]<\/p>\n","protected":false},"author":21,"featured_media":162,"comment_status":"open","ping_status":"open","sticky":false,"template":"","format":"standard","meta":{"ngg_post_thumbnail":0,"footnotes":""},"categories":[5244,5655],"tags":[],"class_list":["post-9428","post","type-post","status-publish","format-standard","has-post-thumbnail","hentry","category-autor","category-j-i-packer"],"publishpress_future_action":{"enabled":false,"date":"2026-05-05 00:56:54","action":"change-status","newStatus":"draft","terms":[],"taxonomy":"category","extraData":[]},"publishpress_future_workflow_manual_trigger":{"enabledWorkflows":[]},"_links":{"self":[{"href":"https:\/\/ultimato.com.br\/sites\/devocional-diaria\/wp-json\/wp\/v2\/posts\/9428","targetHints":{"allow":["GET"]}}],"collection":[{"href":"https:\/\/ultimato.com.br\/sites\/devocional-diaria\/wp-json\/wp\/v2\/posts"}],"about":[{"href":"https:\/\/ultimato.com.br\/sites\/devocional-diaria\/wp-json\/wp\/v2\/types\/post"}],"author":[{"embeddable":true,"href":"https:\/\/ultimato.com.br\/sites\/devocional-diaria\/wp-json\/wp\/v2\/users\/21"}],"replies":[{"embeddable":true,"href":"https:\/\/ultimato.com.br\/sites\/devocional-diaria\/wp-json\/wp\/v2\/comments?post=9428"}],"version-history":[{"count":2,"href":"https:\/\/ultimato.com.br\/sites\/devocional-diaria\/wp-json\/wp\/v2\/posts\/9428\/revisions"}],"predecessor-version":[{"id":9446,"href":"https:\/\/ultimato.com.br\/sites\/devocional-diaria\/wp-json\/wp\/v2\/posts\/9428\/revisions\/9446"}],"wp:featuredmedia":[{"embeddable":true,"href":"https:\/\/ultimato.com.br\/sites\/devocional-diaria\/wp-json\/wp\/v2\/media\/162"}],"wp:attachment":[{"href":"https:\/\/ultimato.com.br\/sites\/devocional-diaria\/wp-json\/wp\/v2\/media?parent=9428"}],"wp:term":[{"taxonomy":"category","embeddable":true,"href":"https:\/\/ultimato.com.br\/sites\/devocional-diaria\/wp-json\/wp\/v2\/categories?post=9428"},{"taxonomy":"post_tag","embeddable":true,"href":"https:\/\/ultimato.com.br\/sites\/devocional-diaria\/wp-json\/wp\/v2\/tags?post=9428"}],"curies":[{"name":"wp","href":"https:\/\/api.w.org\/{rel}","templated":true}]}}