{"id":9426,"date":"2022-02-16T00:00:06","date_gmt":"2022-02-16T02:00:06","guid":{"rendered":"https:\/\/ultimato.com.br\/sites\/devocional-diaria\/?p=9426"},"modified":"2022-02-11T09:41:40","modified_gmt":"2022-02-11T11:41:40","slug":"qual-dos-dois","status":"publish","type":"post","link":"https:\/\/ultimato.com.br\/sites\/devocional-diaria\/2022\/02\/16\/autor\/eugene-h-peterson\/qual-dos-dois\/","title":{"rendered":"Qual dos dois?"},"content":{"rendered":"<p>Digam-me o que pensam da minha hist\u00f3ria: um homem tinha dois\u00a0filhos. Ele se dirigiu ao primeiro e disse: \u201cFilho, v\u00e1 trabalhar na\u00a0minha vinha\u201d. O filho respondeu: \u201cN\u00e3o quero\u201d. Mais tarde, pensou\u00a0melhor e foi. O pai deu a mesma ordem ao segundo filho. Ele\u00a0respondeu: \u201cMas \u00e9 claro, com prazer\u201d. Mas nunca foi. Qual dos\u00a0dois filhos fez o que o pai pediu? Eles disseram: \u201cO primeiro\u201d.\u00a0Jesus disse: \u201cSim, e digo a voc\u00eas que os malandros e as prostitutas\u00a0entrar\u00e3o antes de voc\u00eas no Reino de Deus. Jo\u00e3o veio mostrando o\u00a0caminho certo. Voc\u00eas viraram as costas para ele, mas os malandros\u00a0e as prostitutas creram nele. Mesmo quando voc\u00eas viram a vida\u00a0deles transformada, n\u00e3o quiseram mudar a de voc\u00eas tamb\u00e9m e\u00a0crer nele\u201d<em>. (<\/em>Mateus 21.28-32)<\/p>\n<p>Nossa vida \u00e9 formada nos n\u00edveis mais profundos, n\u00e3o\u00a0por protestos e promessas, discuss\u00f5es e resolu\u00e7\u00f5es, mas\u00a0pela obedi\u00eancia fiel. Nas profundezas silenciosas da alma,\u00a0as respostas formadas, finalmente, resultam \u2013 a despeito de\u00a0d\u00favidas e nega\u00e7\u00f5es \u2013 em uma vida agrad\u00e1vel a Deus.\u00a0Qual dos dois filhos \u00e9 voc\u00ea?<\/p>\n<p>Deus em Cristo, tu sondas meu cora\u00e7\u00e3o e descobres\u00a0por tr\u00e1s das palavras que falo a vida que vivo. Purifica e\u00a0santifica essa vida interior para que eu possa te agradar e\u00a0glorificar teu nome. Am\u00e9m.<\/p>\n<p>&nbsp;<\/p>\n<p><strong>&gt;&gt; Retirado de\u00a0<a href=\"http:\/\/www.ultimato.com.br\/loja\/produtos\/um-ano-com-jesus\">Um Ano com Jesus<\/a>\u00a0[Eugene H. Peterson]. Editora Ultimato.<\/strong><\/p>\n<p>Ou\u00e7a as nossas devocionais pelo <a href=\"https:\/\/open.spotify.com\/show\/7CG8DL9dgWZEgPzX3rnk51?si=1dbGejI2TQS16eamNjb2rA\">Spotify<\/a>!<\/p>\n","protected":false},"excerpt":{"rendered":"<p>Digam-me o que pensam da minha hist\u00f3ria: um homem tinha dois\u00a0filhos. Ele se dirigiu ao primeiro e disse: \u201cFilho, v\u00e1 trabalhar na\u00a0minha vinha\u201d. O filho respondeu: \u201cN\u00e3o quero\u201d. Mais tarde, pensou\u00a0melhor e foi. O pai deu a mesma ordem ao segundo filho. Ele\u00a0respondeu: \u201cMas \u00e9 claro, com prazer\u201d. Mas nunca foi. Qual dos\u00a0dois filhos fez [&hellip;]<\/p>\n","protected":false},"author":21,"featured_media":163,"comment_status":"open","ping_status":"open","sticky":false,"template":"","format":"standard","meta":{"ngg_post_thumbnail":0,"footnotes":""},"categories":[17809],"tags":[],"class_list":["post-9426","post","type-post","status-publish","format-standard","has-post-thumbnail","hentry","category-eugene-h-peterson"],"publishpress_future_action":{"enabled":false,"date":"2026-05-04 23:36:49","action":"change-status","newStatus":"draft","terms":[],"taxonomy":"category","extraData":[]},"publishpress_future_workflow_manual_trigger":{"enabledWorkflows":[]},"_links":{"self":[{"href":"https:\/\/ultimato.com.br\/sites\/devocional-diaria\/wp-json\/wp\/v2\/posts\/9426","targetHints":{"allow":["GET"]}}],"collection":[{"href":"https:\/\/ultimato.com.br\/sites\/devocional-diaria\/wp-json\/wp\/v2\/posts"}],"about":[{"href":"https:\/\/ultimato.com.br\/sites\/devocional-diaria\/wp-json\/wp\/v2\/types\/post"}],"author":[{"embeddable":true,"href":"https:\/\/ultimato.com.br\/sites\/devocional-diaria\/wp-json\/wp\/v2\/users\/21"}],"replies":[{"embeddable":true,"href":"https:\/\/ultimato.com.br\/sites\/devocional-diaria\/wp-json\/wp\/v2\/comments?post=9426"}],"version-history":[{"count":1,"href":"https:\/\/ultimato.com.br\/sites\/devocional-diaria\/wp-json\/wp\/v2\/posts\/9426\/revisions"}],"predecessor-version":[{"id":9427,"href":"https:\/\/ultimato.com.br\/sites\/devocional-diaria\/wp-json\/wp\/v2\/posts\/9426\/revisions\/9427"}],"wp:featuredmedia":[{"embeddable":true,"href":"https:\/\/ultimato.com.br\/sites\/devocional-diaria\/wp-json\/wp\/v2\/media\/163"}],"wp:attachment":[{"href":"https:\/\/ultimato.com.br\/sites\/devocional-diaria\/wp-json\/wp\/v2\/media?parent=9426"}],"wp:term":[{"taxonomy":"category","embeddable":true,"href":"https:\/\/ultimato.com.br\/sites\/devocional-diaria\/wp-json\/wp\/v2\/categories?post=9426"},{"taxonomy":"post_tag","embeddable":true,"href":"https:\/\/ultimato.com.br\/sites\/devocional-diaria\/wp-json\/wp\/v2\/tags?post=9426"}],"curies":[{"name":"wp","href":"https:\/\/api.w.org\/{rel}","templated":true}]}}