{"id":9422,"date":"2022-02-14T00:00:27","date_gmt":"2022-02-14T02:00:27","guid":{"rendered":"https:\/\/ultimato.com.br\/sites\/devocional-diaria\/?p=9422"},"modified":"2022-02-11T09:37:33","modified_gmt":"2022-02-11T11:37:33","slug":"intimidade-com-deus-5","status":"publish","type":"post","link":"https:\/\/ultimato.com.br\/sites\/devocional-diaria\/2022\/02\/14\/autor\/elben-cesar\/intimidade-com-deus-5\/","title":{"rendered":"Intimidade com Deus"},"content":{"rendered":"<p>O Senhor \u00e9 a minha for\u00e7a e o meu escudo. (Sl 28.7)<\/p>\n<p>Os salmos revelam que h\u00e1 uma intimidade muito profunda e\u00a0continuada entre o salmista e Deus. Para ele, Deus n\u00e3o \u00e9 um criador impessoal\u00a0nem uma for\u00e7a sem cora\u00e7\u00e3o nem uma autoridade de dif\u00edcil acesso.<\/p>\n<p>A intimidade \u00e9 tal que o salmista usa um rico vocabul\u00e1rio para se dirigir\u00a0a Deus e coloca sempre o pronome possessivo: o Senhor \u00e9 o meu <em>escudo<\/em>, a\u00a0minha <em>fortaleza<\/em>, a minha <em>for\u00e7a<\/em>, o meu <em>forte ref\u00fagio<\/em>, a minha <em>luz<\/em>, a minha\u00a0<em>rocha<\/em>, o meu <em>rochedo<\/em>, a minha <em>torre alta<\/em>. Para o salmista, Deus \u00e9 o seu\u00a0<em>ajudador<\/em>, a sua <em>esperan\u00e7a<\/em>, a sua <em>gl\u00f3ria<\/em>, o seu <em>libertador<\/em>, o seu <em>pastor<\/em>, o seu <em>rei\u00a0<\/em>e o seu <em>salvador<\/em>.<\/p>\n<p>Os salmos mostram a total depend\u00eancia que o salmista tem de Deus.\u00a0Ele precisa do Senhor para tudo \u2013 para continuar vivo, para sair de uma situa\u00e7\u00e3o\u00a0complicada, para n\u00e3o pecar, para obter perd\u00e3o, para andar de cabe\u00e7a erguida,\u00a0para n\u00e3o se desesperar, para parar de chorar, para alegrar-se, para n\u00e3o cometer\u00a0equ\u00edvocos, para superar circunst\u00e2ncias desfavor\u00e1veis, para obter vit\u00f3ria\u00a0sobre seus advers\u00e1rios. O salmista resume essa depend\u00eancia no breve testemunho:\u00a0\u201cO Senhor \u00e9 a minha for\u00e7a e o meu escudo; nele o meu cora\u00e7\u00e3o\u00a0confia, e dele recebo ajuda\u201d (Sl 28.7).<\/p>\n<p><strong>\u00a0<\/strong><\/p>\n<p><strong>&gt;&gt; Retirado de\u00a0<a href=\"http:\/\/www.ultimato.com.br\/loja\/produtos\/refeicoes-diarias-com-o-sabor-dos-salmos\">Refei\u00e7\u00f5es Di\u00e1rias com o Sabor dos Salmos<\/a> [Elben C\u00e9sar]. Editora Ultimato.<\/strong><strong>\u00a0<\/strong><\/p>\n<p>Ou\u00e7a as nossas devocionais pelo <a href=\"https:\/\/open.spotify.com\/show\/7CG8DL9dgWZEgPzX3rnk51?si=1dbGejI2TQS16eamNjb2rA\">Spotify<\/a>!<\/p>\n","protected":false},"excerpt":{"rendered":"<p>O Senhor \u00e9 a minha for\u00e7a e o meu escudo. (Sl 28.7) Os salmos revelam que h\u00e1 uma intimidade muito profunda e\u00a0continuada entre o salmista e Deus. Para ele, Deus n\u00e3o \u00e9 um criador impessoal\u00a0nem uma for\u00e7a sem cora\u00e7\u00e3o nem uma autoridade de dif\u00edcil acesso. A intimidade \u00e9 tal que o salmista usa um rico [&hellip;]<\/p>\n","protected":false},"author":21,"featured_media":165,"comment_status":"open","ping_status":"open","sticky":false,"template":"","format":"standard","meta":{"ngg_post_thumbnail":0,"footnotes":""},"categories":[5478],"tags":[],"class_list":["post-9422","post","type-post","status-publish","format-standard","has-post-thumbnail","hentry","category-elben-cesar"],"publishpress_future_action":{"enabled":false,"date":"2026-05-05 02:41:58","action":"change-status","newStatus":"draft","terms":[],"taxonomy":"category","extraData":[]},"publishpress_future_workflow_manual_trigger":{"enabledWorkflows":[]},"_links":{"self":[{"href":"https:\/\/ultimato.com.br\/sites\/devocional-diaria\/wp-json\/wp\/v2\/posts\/9422","targetHints":{"allow":["GET"]}}],"collection":[{"href":"https:\/\/ultimato.com.br\/sites\/devocional-diaria\/wp-json\/wp\/v2\/posts"}],"about":[{"href":"https:\/\/ultimato.com.br\/sites\/devocional-diaria\/wp-json\/wp\/v2\/types\/post"}],"author":[{"embeddable":true,"href":"https:\/\/ultimato.com.br\/sites\/devocional-diaria\/wp-json\/wp\/v2\/users\/21"}],"replies":[{"embeddable":true,"href":"https:\/\/ultimato.com.br\/sites\/devocional-diaria\/wp-json\/wp\/v2\/comments?post=9422"}],"version-history":[{"count":1,"href":"https:\/\/ultimato.com.br\/sites\/devocional-diaria\/wp-json\/wp\/v2\/posts\/9422\/revisions"}],"predecessor-version":[{"id":9423,"href":"https:\/\/ultimato.com.br\/sites\/devocional-diaria\/wp-json\/wp\/v2\/posts\/9422\/revisions\/9423"}],"wp:featuredmedia":[{"embeddable":true,"href":"https:\/\/ultimato.com.br\/sites\/devocional-diaria\/wp-json\/wp\/v2\/media\/165"}],"wp:attachment":[{"href":"https:\/\/ultimato.com.br\/sites\/devocional-diaria\/wp-json\/wp\/v2\/media?parent=9422"}],"wp:term":[{"taxonomy":"category","embeddable":true,"href":"https:\/\/ultimato.com.br\/sites\/devocional-diaria\/wp-json\/wp\/v2\/categories?post=9422"},{"taxonomy":"post_tag","embeddable":true,"href":"https:\/\/ultimato.com.br\/sites\/devocional-diaria\/wp-json\/wp\/v2\/tags?post=9422"}],"curies":[{"name":"wp","href":"https:\/\/api.w.org\/{rel}","templated":true}]}}